{"id":34318,"date":"2025-06-11T13:57:06","date_gmt":"2025-06-11T10:57:06","guid":{"rendered":"https:\/\/www.egemtv.com\/?p=34318"},"modified":"2025-06-11T13:57:15","modified_gmt":"2025-06-11T10:57:15","slug":"aydinin-ilek-bahcesi-yeserdi","status":"publish","type":"post","link":"https:\/\/www.egemtv.com\/?p=34318","title":{"rendered":"Ayd\u0131n\u2019\u0131n ilek bah\u00e7esi ye\u015ferdi"},"content":{"rendered":"<p>Ayd\u0131n\u2019\u0131n Buharkent il\u00e7esinde 17 d\u00f6n\u00fcm alanda kurulan ilak bah\u00e7esindeki fidanlar ye\u015ferdi.<\/p>\n<p>Ocak ay\u0131 i\u00e7erisinde Ortak\u00e7\u0131 Mahallesi\u2019nde, 17 d\u00f6n\u00fcml\u00fck alanda toprakla bulu\u015fturulan 400 adet ilek fidan\u0131, b\u00fcy\u00fcmeye devam ediyor.<\/p>\n<p>Buharkent belediye Ba\u015fkan\u0131 Mehmet Erol konuyla ilgili yapt\u0131\u011f\u0131 a\u00e7\u0131klamada, &#8220;Ayd\u0131n Valili\u011fi Y\u0130KOB ve \u0130l\u00e7e Tar\u0131m ve Orman M\u00fcd\u00fcrl\u00fc\u011f\u00fcm\u00fcz\u00fcn i\u015fbirli\u011fi ile yerli \u00fcretimi art\u0131rmak ve incir \u00fcreticilerimizin ihtiyac\u0131n\u0131 kar\u015f\u0131lamak amac\u0131yla hayata ge\u00e7irdi\u011fimiz Ayd\u0131n\u2019da kurulan ilk ilek bah\u00e7esi olma \u00f6zelli\u011fini ta\u015f\u0131yan ilek bah\u00e7emizde bak\u0131m ve sulama \u00e7al\u0131\u015fmalar\u0131n\u0131 Buharkent Belediyesi olarak s\u00fcrd\u00fcr\u00fcyoruz. Ortak\u00e7\u0131 Mahallemizde tamamlanan birinci sondaj kuyusundan beslenen damlama sulama sistemi ile hem suyu verimli kullan\u0131yor hem de do\u011faya zarar vermeyen bir \u00fcretim modelini \u00f6rnek olarak uyguluyoruz. Kuruldu\u011fu g\u00fcnden bu yana yak\u0131ndan takip etti\u011fimiz fidanlar\u0131m\u0131z\u0131n ye\u015ferdi\u011fini, b\u00fcy\u00fcd\u00fc\u011f\u00fcn\u00fc g\u00f6rmek hem belediyemiz hem de \u00fcreticilerimiz ad\u0131na b\u00fcy\u00fck bir mutluluk. Yerli \u00fcretim i\u00e7in \u00e7al\u0131\u015fmaya devam edece\u011fiz. \u0130lk hasad\u0131 sab\u0131rs\u0131zl\u0131kla bekliyoruz<br \/><\/p>\n","protected":false},"excerpt":{"rendered":"<p>Ayd\u0131n\u2019\u0131n Buharkent il\u00e7esinde 17 d\u00f6n\u00fcm alanda kurulan ilak bah\u00e7esindeki fidanlar ye\u015ferdi. Ocak ay\u0131 i\u00e7erisinde Ortak\u00e7\u0131 Mahallesi\u2019nde, 17 d\u00f6n\u00fcml\u00fck alanda toprakla bulu\u015fturulan 400 adet ilek fidan\u0131, b\u00fcy\u00fcmeye devam ediyor. Buharkent belediye Ba\u015fkan\u0131 Mehmet Erol konuyla ilgili yapt\u0131\u011f\u0131 a\u00e7\u0131klamada, &#8220;Ayd\u0131n Valili\u011fi Y\u0130KOB ve \u0130l\u00e7e Tar\u0131m ve Orman M\u00fcd\u00fcrl\u00fc\u011f\u00fcm\u00fcz\u00fcn i\u015fbirli\u011fi ile yerli \u00fcretimi art\u0131rmak ve incir \u00fcreticilerimizin ihtiyac\u0131n\u0131&#8230;<\/p>\n","protected":false},"author":1,"featured_media":34319,"comment_status":"open","ping_status":"open","sticky":false,"template":"","format":"standard","meta":{"_crdt_document":"","footnotes":""},"categories":[1],"tags":[],"class_list":["post-34318","post","type-post","status-publish","format-standard","has-post-thumbnail","hentry","category-guncel"],"_links":{"self":[{"href":"https:\/\/www.egemtv.com\/index.php?rest_route=\/wp\/v2\/posts\/34318","targetHints":{"allow":["GET"]}}],"collection":[{"href":"https:\/\/www.egemtv.com\/index.php?rest_route=\/wp\/v2\/posts"}],"about":[{"href":"https:\/\/www.egemtv.com\/index.php?rest_route=\/wp\/v2\/types\/post"}],"author":[{"embeddable":true,"href":"https:\/\/www.egemtv.com\/index.php?rest_route=\/wp\/v2\/users\/1"}],"replies":[{"embeddable":true,"href":"https:\/\/www.egemtv.com\/index.php?rest_route=%2Fwp%2Fv2%2Fcomments&post=34318"}],"version-history":[{"count":1,"href":"https:\/\/www.egemtv.com\/index.php?rest_route=\/wp\/v2\/posts\/34318\/revisions"}],"predecessor-version":[{"id":34320,"href":"https:\/\/www.egemtv.com\/index.php?rest_route=\/wp\/v2\/posts\/34318\/revisions\/34320"}],"wp:featuredmedia":[{"embeddable":true,"href":"https:\/\/www.egemtv.com\/index.php?rest_route=\/wp\/v2\/media\/34319"}],"wp:attachment":[{"href":"https:\/\/www.egemtv.com\/index.php?rest_route=%2Fwp%2Fv2%2Fmedia&parent=34318"}],"wp:term":[{"taxonomy":"category","embeddable":true,"href":"https:\/\/www.egemtv.com\/index.php?rest_route=%2Fwp%2Fv2%2Fcategories&post=34318"},{"taxonomy":"post_tag","embeddable":true,"href":"https:\/\/www.egemtv.com\/index.php?rest_route=%2Fwp%2Fv2%2Ftags&post=34318"}],"curies":[{"name":"wp","href":"https:\/\/api.w.org\/{rel}","templated":true}]}}