{"id":34315,"date":"2025-06-11T13:57:00","date_gmt":"2025-06-11T10:57:00","guid":{"rendered":"https:\/\/www.egemtv.com\/?p=34315"},"modified":"2025-06-11T13:57:06","modified_gmt":"2025-06-11T10:57:06","slug":"baklanda-rahvan-at-yarislari-pandeminin-ardindan-yeniden-basliyor","status":"publish","type":"post","link":"https:\/\/www.egemtv.com\/?p=34315","title":{"rendered":"Baklan\u2019da rahvan at yar\u0131\u015flar\u0131 pandeminin ard\u0131ndan yeniden ba\u015fl\u0131yor"},"content":{"rendered":"<p>Denizli\u2019nin Baklan il\u00e7esi, 15 Haziran\u2019da geleneksel rahvan at yar\u0131\u015flar\u0131 ve k\u00fclt\u00fcrel bir \u015fenli\u011fe ev sahipli\u011fi yapacak. \u0130l\u00e7ede ge\u00e7mi\u015fi 1960\u2019l\u0131 y\u0131llara dayanan at yar\u0131\u015flar\u0131, pandeminin ard\u0131ndan yeniden heyecan ya\u015fatacak.<\/p>\n<p>Baklan Belediye Ba\u015fkan\u0131 Yusuf G\u00fclsever, 15 Haziran Pazar g\u00fcn\u00fc Baklan Atl\u0131 Spor Kul\u00fcb\u00fc, Konak Mahalle Muhtarl\u0131\u011f\u0131 ve hay\u0131rseverlerin i\u015f birli\u011fiyle d\u00fczenlenecek olan Baklan Rahvan At Yar\u0131\u015flar\u0131 ve Gala Gecesinin program\u0131n\u0131 kamuoyuyla payla\u015ft\u0131. Ba\u015fkan G\u00fclsever\u2019e DGC Bas\u0131n Merkezinde d\u00fczenlenen toplant\u0131da Kul\u00fcp Ba\u015fkan\u0131 \u0130smail Ba\u015fkaya ve Mahalle Muhtar\u0131 G\u00f6khan \u015eahan e\u015flik etti.<\/p>\n<p>Baklan\u2019da ge\u00e7mi\u015fi as\u0131rlar \u00f6ncesine dayanan rahvan at yar\u0131\u015flar\u0131n\u0131n 1960\u2019l\u0131 y\u0131llardan bu yana yap\u0131ld\u0131\u011f\u0131 hat\u0131rlatan Ba\u015fkan Yusuf G\u00fclsever, yar\u0131\u015flar\u0131n 2014-2020 y\u0131llar\u0131 aras\u0131nda d\u00fczenli hala getirildi\u011fini s\u00f6yledi. Pandemi nedeniyle ara verilen at yar\u0131\u015flar\u0131n\u0131 gelen yo\u011fun talep \u00fczerine yeniden yapmaya karar verdiklerini belirten G\u00fclsever, &#8220;T\u00fcrk toplumlar\u0131nda at;  iyi bir dost, yak\u0131n bir arkada\u015f, g\u00fcnl\u00fck hayat\u0131nda en yak\u0131n bir yard\u0131mc\u0131, sanki bir karde\u015ftir. Bir T\u00fcrk atas\u00f6z\u00fcnde \u2018Sabah kalkt\u0131\u011f\u0131nda \u00f6nce atan\u0131 sonra at\u0131n\u0131 g\u00f6r\u2019 denilmi\u015fti. T\u00fcrk k\u00fclt\u00fcr\u00fcnde at, avrat ve silah daima \u00f6n planda tutulmu\u015ftur. Ayr\u0131 bir de\u011fer ve \u00f6neme sahiptir. Atlarda temel y\u00fcr\u00fcy\u00fc\u015flerden birisi rahvan y\u00fcr\u00fcy\u00fc\u015f\u00fcd\u00fcr. Rahvan; at\u0131n ayn\u0131 taraf\u0131ndaki ayaklar\u0131n\u0131n birlikte hareket etti\u011fi, binicisini sarsmayan, y\u00fcr\u00fcme ile ko\u015fma aras\u0131ndaki bir ko\u015fu \u015feklidir. Rahvan at yar\u0131\u015f\u0131, at\u0131n rahvan y\u00fcr\u00fcy\u00fc\u015fle belli bir mesafeyi en k\u0131sa zamanda ve hatas\u0131z olarak bitirmesi esas\u0131na dayal\u0131d\u0131r. At yar\u0131\u015flar\u0131, k\u00f6kl\u00fc bir ge\u00e7mi\u015fimize dayanmaktad\u0131r.<br \/>\n<br \/>Gazi Mustafa Kemal Atat\u00fcrk\u2019\u00fcn de\u011fi\u015fi ile \u2018At yar\u0131\u015flar\u0131 modern toplumlarda sosyal bir ihtiya\u00e7t\u0131r\u2019 Baklan Konak Mahallemizde d\u00fczenlenecek olan rahvan at yar\u0131\u015flar\u0131m\u0131z; 14 Haziran 2025 Cumartesi Gala Gecesi \u015fenli\u011finde ba\u015flayacak, 15 Haziran 2025 Pazar g\u00fcn\u00fc saat 09.00\u2019da at yar\u0131\u015f\u0131 m\u00fcsabakalar\u0131 ile devam edecektir. T\u00fcrkiye Geleneksel Spor Dallar\u0131 Federasyonu i\u015f birli\u011finde \u00f6zel m\u00fcsabaka kapsam\u0131nda ger\u00e7ekle\u015ftirilecek olan yar\u0131\u015flar\u0131m\u0131zda, 10 kategoride yar\u0131\u015facak sporculara \u00e7e\u015fitli \u00f6d\u00fcller verilecektir&#8221; dedi.<br \/><\/p>\n","protected":false},"excerpt":{"rendered":"<p>Denizli\u2019nin Baklan il\u00e7esi, 15 Haziran\u2019da geleneksel rahvan at yar\u0131\u015flar\u0131 ve k\u00fclt\u00fcrel bir \u015fenli\u011fe ev sahipli\u011fi yapacak. \u0130l\u00e7ede ge\u00e7mi\u015fi 1960\u2019l\u0131 y\u0131llara dayanan at yar\u0131\u015flar\u0131, pandeminin ard\u0131ndan yeniden heyecan ya\u015fatacak. Baklan Belediye Ba\u015fkan\u0131 Yusuf G\u00fclsever, 15 Haziran Pazar g\u00fcn\u00fc Baklan Atl\u0131 Spor Kul\u00fcb\u00fc, Konak Mahalle Muhtarl\u0131\u011f\u0131 ve hay\u0131rseverlerin i\u015f birli\u011fiyle d\u00fczenlenecek olan Baklan Rahvan At Yar\u0131\u015flar\u0131 ve&#8230;<\/p>\n","protected":false},"author":1,"featured_media":34316,"comment_status":"open","ping_status":"open","sticky":false,"template":"","format":"standard","meta":{"_crdt_document":"","footnotes":""},"categories":[4],"tags":[],"class_list":["post-34315","post","type-post","status-publish","format-standard","has-post-thumbnail","hentry","category-spor"],"_links":{"self":[{"href":"https:\/\/www.egemtv.com\/index.php?rest_route=\/wp\/v2\/posts\/34315","targetHints":{"allow":["GET"]}}],"collection":[{"href":"https:\/\/www.egemtv.com\/index.php?rest_route=\/wp\/v2\/posts"}],"about":[{"href":"https:\/\/www.egemtv.com\/index.php?rest_route=\/wp\/v2\/types\/post"}],"author":[{"embeddable":true,"href":"https:\/\/www.egemtv.com\/index.php?rest_route=\/wp\/v2\/users\/1"}],"replies":[{"embeddable":true,"href":"https:\/\/www.egemtv.com\/index.php?rest_route=%2Fwp%2Fv2%2Fcomments&post=34315"}],"version-history":[{"count":1,"href":"https:\/\/www.egemtv.com\/index.php?rest_route=\/wp\/v2\/posts\/34315\/revisions"}],"predecessor-version":[{"id":34317,"href":"https:\/\/www.egemtv.com\/index.php?rest_route=\/wp\/v2\/posts\/34315\/revisions\/34317"}],"wp:featuredmedia":[{"embeddable":true,"href":"https:\/\/www.egemtv.com\/index.php?rest_route=\/wp\/v2\/media\/34316"}],"wp:attachment":[{"href":"https:\/\/www.egemtv.com\/index.php?rest_route=%2Fwp%2Fv2%2Fmedia&parent=34315"}],"wp:term":[{"taxonomy":"category","embeddable":true,"href":"https:\/\/www.egemtv.com\/index.php?rest_route=%2Fwp%2Fv2%2Fcategories&post=34315"},{"taxonomy":"post_tag","embeddable":true,"href":"https:\/\/www.egemtv.com\/index.php?rest_route=%2Fwp%2Fv2%2Ftags&post=34315"}],"curies":[{"name":"wp","href":"https:\/\/api.w.org\/{rel}","templated":true}]}}