{"id":34312,"date":"2025-06-11T13:36:43","date_gmt":"2025-06-11T10:36:43","guid":{"rendered":"https:\/\/www.egemtv.com\/?p=34312"},"modified":"2025-06-11T13:36:49","modified_gmt":"2025-06-11T10:36:49","slug":"mskude-ogrenciler-meslek-hayatina-ugurlandi","status":"publish","type":"post","link":"https:\/\/www.egemtv.com\/?p=34312","title":{"rendered":"MSK\u00dc\u2019de \u00f6\u011frenciler meslek hayat\u0131na u\u011furland\u0131"},"content":{"rendered":"<p>Mu\u011fla S\u0131tk\u0131 Ko\u00e7man \u00dcniversitesi (MSK\u00dc), 2024-2025 E\u011fitim-\u00d6\u011fretim Y\u0131l\u0131 mezuniyet t\u00f6renlerine ba\u015flad\u0131. Kavakl\u0131dere \u015eehit Mustafa Alper Meslek Y\u00fcksekokulu ile Ula Ali Ko\u00e7man Meslek Y\u00fcksekokulu, mezuniyet co\u015fkusunu Atat\u00fcrk K\u00fclt\u00fcr Merkezi\u2019nde d\u00fczenlenen t\u00f6renle ya\u015fad\u0131.<\/p>\n<p>T\u00f6rene, MSK\u00dc Rekt\u00f6r\u00fc Prof. Dr. Turhan Ka\u00e7ar, Rekt\u00f6r Yard\u0131mc\u0131s\u0131 Prof. Dr. Deniz \u00dclgen, Kavakl\u0131dere Belediye Ba\u015fkan\u0131 Mehmet Demir, akademik-idari personel, \u00f6\u011frenciler ve aileler kat\u0131ld\u0131.<\/p>\n<p>Program, sayg\u0131 duru\u015fu ve \u0130stiklal Mar\u015f\u0131 ile ba\u015flad\u0131. A\u00e7\u0131l\u0131\u015f konu\u015fmalar\u0131n\u0131n ard\u0131ndan, meslek y\u00fcksekokullar\u0131n\u0131 dereceyle tamamlayan \u00f6\u011frencilere ba\u015far\u0131 belgeleri verildi. Birincilikle mezun olan \u00f6\u011frenciler ise mezuniyet k\u00fct\u00fcklerine plaket \u00e7akarak geleneksel mezuniyet an\u0131s\u0131n\u0131 ya\u015fatt\u0131.<\/p>\n<p>MSK\u00dc Rekt\u00f6r\u00fc Prof. Dr. Turhan Ka\u00e7ar, t\u00f6rende yapt\u0131\u011f\u0131 konu\u015fmada, s\u00f6zlerine \u0130srail\u2019in Gazze\u2019de ger\u00e7ekle\u015ftirdi\u011fi soyk\u0131r\u0131m\u0131 lanetleyerek ba\u015flad\u0131. Ka\u00e7ar, &#8220;\u0130nsanl\u0131k d\u0131\u015f\u0131 bu k\u00fclt\u00fcrel ve fiziki soyk\u0131r\u0131m\u0131n bir an \u00f6nce sona ermesini temenni ediyorum&#8221; dedi.<\/p>\n<p>Konu\u015fmas\u0131nda \u00f6\u011frencilere seslenen Rekt\u00f6r Ka\u00e7ar, \u015fu ifadeleri kulland\u0131: &#8220;\u00dcniversite hayat\u0131n\u0131zda g\u00fczel hat\u0131ralar ve dostluklar biriktirmi\u015f olman\u0131z\u0131 diliyorum. Bu dostluklar\u0131 ya\u015fam boyu kaybetmemenizi temenni ediyorum. \u00dcniversite y\u0131llar\u0131nda kazand\u0131\u011f\u0131n\u0131z deneyim ve bilgiler, hayat\u0131n\u0131z boyunca sizlere e\u015flik edecektir. Unutmay\u0131n, Mu\u011fla S\u0131tk\u0131 Ko\u00e7man \u00dcniversitesi\u2019nin kap\u0131s\u0131 sizlere her zaman a\u00e7\u0131k. Hem e\u011fitim ald\u0131\u011f\u0131n\u0131z kurum hem de bir payda\u015f\u0131n\u0131z olarak her zaman yan\u0131n\u0131zday\u0131z. Gelece\u011finizi in\u015fa ederken m\u00fccadeleden asla vazge\u00e7meyin. Mezuniyet bir son de\u011fil, yeni bir ba\u015flang\u0131\u00e7t\u0131r. \u00d6\u011frenmenin mezuniyeti yoktur; bilgi aray\u0131\u015f\u0131, ya\u015fam boyu devam eder. Mezuniyetinizi kutluyor, bundan sonraki ya\u015fam\u0131n\u0131zda sa\u011fl\u0131k, mutluluk, ba\u015far\u0131 ve cesaret dolu bir \u00f6m\u00fcr diliyorum. Allah yolunuzu ve baht\u0131n\u0131z\u0131 a\u00e7\u0131k etsin.&#8221;<br \/>\n<br \/>T\u00f6ren, geleneksel kep atma seremonisi ile sona erdi. Mezun \u00f6\u011frenciler, akademik hayatlar\u0131n\u0131 geride b\u0131rakarak meslek ya\u015famlar\u0131na ilk ad\u0131mlar\u0131n\u0131 att\u0131.<br \/><\/p>\n","protected":false},"excerpt":{"rendered":"<p>Mu\u011fla S\u0131tk\u0131 Ko\u00e7man \u00dcniversitesi (MSK\u00dc), 2024-2025 E\u011fitim-\u00d6\u011fretim Y\u0131l\u0131 mezuniyet t\u00f6renlerine ba\u015flad\u0131. Kavakl\u0131dere \u015eehit Mustafa Alper Meslek Y\u00fcksekokulu ile Ula Ali Ko\u00e7man Meslek Y\u00fcksekokulu, mezuniyet co\u015fkusunu Atat\u00fcrk K\u00fclt\u00fcr Merkezi\u2019nde d\u00fczenlenen t\u00f6renle ya\u015fad\u0131. T\u00f6rene, MSK\u00dc Rekt\u00f6r\u00fc Prof. Dr. Turhan Ka\u00e7ar, Rekt\u00f6r Yard\u0131mc\u0131s\u0131 Prof. Dr. Deniz \u00dclgen, Kavakl\u0131dere Belediye Ba\u015fkan\u0131 Mehmet Demir, akademik-idari personel, \u00f6\u011frenciler ve aileler kat\u0131ld\u0131&#8230;.<\/p>\n","protected":false},"author":1,"featured_media":34313,"comment_status":"open","ping_status":"open","sticky":false,"template":"","format":"standard","meta":{"_crdt_document":"","footnotes":""},"categories":[1],"tags":[],"class_list":["post-34312","post","type-post","status-publish","format-standard","has-post-thumbnail","hentry","category-guncel"],"_links":{"self":[{"href":"https:\/\/www.egemtv.com\/index.php?rest_route=\/wp\/v2\/posts\/34312","targetHints":{"allow":["GET"]}}],"collection":[{"href":"https:\/\/www.egemtv.com\/index.php?rest_route=\/wp\/v2\/posts"}],"about":[{"href":"https:\/\/www.egemtv.com\/index.php?rest_route=\/wp\/v2\/types\/post"}],"author":[{"embeddable":true,"href":"https:\/\/www.egemtv.com\/index.php?rest_route=\/wp\/v2\/users\/1"}],"replies":[{"embeddable":true,"href":"https:\/\/www.egemtv.com\/index.php?rest_route=%2Fwp%2Fv2%2Fcomments&post=34312"}],"version-history":[{"count":1,"href":"https:\/\/www.egemtv.com\/index.php?rest_route=\/wp\/v2\/posts\/34312\/revisions"}],"predecessor-version":[{"id":34314,"href":"https:\/\/www.egemtv.com\/index.php?rest_route=\/wp\/v2\/posts\/34312\/revisions\/34314"}],"wp:featuredmedia":[{"embeddable":true,"href":"https:\/\/www.egemtv.com\/index.php?rest_route=\/wp\/v2\/media\/34313"}],"wp:attachment":[{"href":"https:\/\/www.egemtv.com\/index.php?rest_route=%2Fwp%2Fv2%2Fmedia&parent=34312"}],"wp:term":[{"taxonomy":"category","embeddable":true,"href":"https:\/\/www.egemtv.com\/index.php?rest_route=%2Fwp%2Fv2%2Fcategories&post=34312"},{"taxonomy":"post_tag","embeddable":true,"href":"https:\/\/www.egemtv.com\/index.php?rest_route=%2Fwp%2Fv2%2Ftags&post=34312"}],"curies":[{"name":"wp","href":"https:\/\/api.w.org\/{rel}","templated":true}]}}