{"id":34309,"date":"2025-06-11T13:36:36","date_gmt":"2025-06-11T10:36:36","guid":{"rendered":"https:\/\/www.egemtv.com\/?p=34309"},"modified":"2025-06-11T13:36:43","modified_gmt":"2025-06-11T10:36:43","slug":"esinin-kavgasini-ayirmak-isterken-bacagindan-yaralandi","status":"publish","type":"post","link":"https:\/\/www.egemtv.com\/?p=34309","title":{"rendered":"E\u015finin kavgas\u0131n\u0131 ay\u0131rmak isterken baca\u011f\u0131ndan yaraland\u0131"},"content":{"rendered":"<p>Ayd\u0131n\u2019\u0131n Efeler il\u00e7esinde e\u015finin kavgas\u0131n\u0131 \u00f6nlemek isteyen kad\u0131n \u015fah\u0131s baca\u011f\u0131ndan yaraland\u0131.<\/p>\n<p>Olay, Ayd\u0131n Devlet Hastanesi bah\u00e7esinde meydana geldi. Edinilen bilgiye g\u00f6re, T.S. isimli kad\u0131n\u0131n e\u015fi S.S. ile ismi \u00f6\u011frenilemeyen bir \u015fah\u0131sla s\u00f6zl\u00fc olarak tart\u0131\u015fmaya ba\u015flad\u0131. Tart\u0131\u015fma k\u0131sa s\u00fcrede b\u00fcy\u00fcyerek b\u0131\u00e7akl\u0131 kavgaya d\u00f6n\u00fc\u015ft\u00fc. Kavgada yan\u0131nda bulundu\u011furdu b\u0131\u00e7a\u011f\u0131 \u00e7eken S.S., kavgay\u0131 ay\u0131rmak i\u00e7in araya giren T.S.\u2019yi baca\u011f\u0131ndan yaralad\u0131. Hastane polisi ve g\u00fcvenlik personelinin m\u00fcdahalesi ile S.S. yakalan\u0131rken, T.S. ise Acil Servis\u2019te tedavi alt\u0131na al\u0131nd\u0131. T.S.\u2019nin hayati tehlikesinin bulunmad\u0131\u011f\u0131 \u00f6\u011frenildi.<\/p>\n<p>Olayla ilgili soru\u015fturma s\u00fcr\u00fcyor.<br \/><\/p>\n","protected":false},"excerpt":{"rendered":"<p>Ayd\u0131n\u2019\u0131n Efeler il\u00e7esinde e\u015finin kavgas\u0131n\u0131 \u00f6nlemek isteyen kad\u0131n \u015fah\u0131s baca\u011f\u0131ndan yaraland\u0131. Olay, Ayd\u0131n Devlet Hastanesi bah\u00e7esinde meydana geldi. Edinilen bilgiye g\u00f6re, T.S. isimli kad\u0131n\u0131n e\u015fi S.S. ile ismi \u00f6\u011frenilemeyen bir \u015fah\u0131sla s\u00f6zl\u00fc olarak tart\u0131\u015fmaya ba\u015flad\u0131. Tart\u0131\u015fma k\u0131sa s\u00fcrede b\u00fcy\u00fcyerek b\u0131\u00e7akl\u0131 kavgaya d\u00f6n\u00fc\u015ft\u00fc. Kavgada yan\u0131nda bulundu\u011furdu b\u0131\u00e7a\u011f\u0131 \u00e7eken S.S., kavgay\u0131 ay\u0131rmak i\u00e7in araya giren T.S.\u2019yi baca\u011f\u0131ndan&#8230;<\/p>\n","protected":false},"author":1,"featured_media":34310,"comment_status":"open","ping_status":"open","sticky":false,"template":"","format":"standard","meta":{"_crdt_document":"","footnotes":""},"categories":[5],"tags":[],"class_list":["post-34309","post","type-post","status-publish","format-standard","has-post-thumbnail","hentry","category-asayis"],"_links":{"self":[{"href":"https:\/\/www.egemtv.com\/index.php?rest_route=\/wp\/v2\/posts\/34309","targetHints":{"allow":["GET"]}}],"collection":[{"href":"https:\/\/www.egemtv.com\/index.php?rest_route=\/wp\/v2\/posts"}],"about":[{"href":"https:\/\/www.egemtv.com\/index.php?rest_route=\/wp\/v2\/types\/post"}],"author":[{"embeddable":true,"href":"https:\/\/www.egemtv.com\/index.php?rest_route=\/wp\/v2\/users\/1"}],"replies":[{"embeddable":true,"href":"https:\/\/www.egemtv.com\/index.php?rest_route=%2Fwp%2Fv2%2Fcomments&post=34309"}],"version-history":[{"count":1,"href":"https:\/\/www.egemtv.com\/index.php?rest_route=\/wp\/v2\/posts\/34309\/revisions"}],"predecessor-version":[{"id":34311,"href":"https:\/\/www.egemtv.com\/index.php?rest_route=\/wp\/v2\/posts\/34309\/revisions\/34311"}],"wp:featuredmedia":[{"embeddable":true,"href":"https:\/\/www.egemtv.com\/index.php?rest_route=\/wp\/v2\/media\/34310"}],"wp:attachment":[{"href":"https:\/\/www.egemtv.com\/index.php?rest_route=%2Fwp%2Fv2%2Fmedia&parent=34309"}],"wp:term":[{"taxonomy":"category","embeddable":true,"href":"https:\/\/www.egemtv.com\/index.php?rest_route=%2Fwp%2Fv2%2Fcategories&post=34309"},{"taxonomy":"post_tag","embeddable":true,"href":"https:\/\/www.egemtv.com\/index.php?rest_route=%2Fwp%2Fv2%2Ftags&post=34309"}],"curies":[{"name":"wp","href":"https:\/\/api.w.org\/{rel}","templated":true}]}}