{"id":34306,"date":"2025-06-11T13:36:24","date_gmt":"2025-06-11T10:36:24","guid":{"rendered":"https:\/\/www.egemtv.com\/?p=34306"},"modified":"2025-06-11T13:36:36","modified_gmt":"2025-06-11T10:36:36","slug":"egirdirde-soguk-hava-deposunda-yangin-panigi","status":"publish","type":"post","link":"https:\/\/www.egemtv.com\/?p=34306","title":{"rendered":"E\u011firdir\u2019de so\u011fuk hava deposunda yang\u0131n pani\u011fi"},"content":{"rendered":"<p>Isparta\u2019n\u0131n E\u011firdir il\u00e7esinde so\u011fuk hava deposunun idari binas\u0131nda \u00e7\u0131kan yang\u0131n itfaiye ekiplerince s\u00f6nd\u00fcr\u00fcld\u00fc.<br \/>\n<br \/>Edinilen bilgilere g\u00f6re, saat 04.51 s\u0131ralar\u0131nda Sanayi Mahallesi\u2019ndeki bir so\u011fuk hava deposunun idari binas\u0131nda hen\u00fcz belirlenemeyen nedenle yang\u0131n \u00e7\u0131kt\u0131. Alevler k\u0131sa s\u00fcrede b\u00fcy\u00fcd\u00fc. \u00c7evredeki vatanda\u015flar durumu 112 Acil \u00c7a\u011fr\u0131 Merkezi\u2019ne bildirdi. \u0130hbar \u00fczerine b\u00f6lgeye polis ve itfaiye ekipleri sevk edildi. \u0130tfaiye ekiplerinin m\u00fcdahalesiyle yang\u0131n kontrol alt\u0131na al\u0131nd\u0131. Can kayb\u0131 ya da yaralanma olmazken, deponun bir b\u00f6l\u00fcm\u00fc yanarak kullan\u0131lamaz hale geldi. Yang\u0131n\u0131n \u00e7\u0131k\u0131\u015f nedeni ara\u015ft\u0131r\u0131l\u0131yor.<br \/><\/p>\n","protected":false},"excerpt":{"rendered":"<p>Isparta\u2019n\u0131n E\u011firdir il\u00e7esinde so\u011fuk hava deposunun idari binas\u0131nda \u00e7\u0131kan yang\u0131n itfaiye ekiplerince s\u00f6nd\u00fcr\u00fcld\u00fc. Edinilen bilgilere g\u00f6re, saat 04.51 s\u0131ralar\u0131nda Sanayi Mahallesi\u2019ndeki bir so\u011fuk hava deposunun idari binas\u0131nda hen\u00fcz belirlenemeyen nedenle yang\u0131n \u00e7\u0131kt\u0131. Alevler k\u0131sa s\u00fcrede b\u00fcy\u00fcd\u00fc. \u00c7evredeki vatanda\u015flar durumu 112 Acil \u00c7a\u011fr\u0131 Merkezi\u2019ne bildirdi. \u0130hbar \u00fczerine b\u00f6lgeye polis ve itfaiye ekipleri sevk edildi. \u0130tfaiye ekiplerinin&#8230;<\/p>\n","protected":false},"author":1,"featured_media":34307,"comment_status":"open","ping_status":"open","sticky":false,"template":"","format":"standard","meta":{"_crdt_document":"","footnotes":""},"categories":[5],"tags":[],"class_list":["post-34306","post","type-post","status-publish","format-standard","has-post-thumbnail","hentry","category-asayis"],"_links":{"self":[{"href":"https:\/\/www.egemtv.com\/index.php?rest_route=\/wp\/v2\/posts\/34306","targetHints":{"allow":["GET"]}}],"collection":[{"href":"https:\/\/www.egemtv.com\/index.php?rest_route=\/wp\/v2\/posts"}],"about":[{"href":"https:\/\/www.egemtv.com\/index.php?rest_route=\/wp\/v2\/types\/post"}],"author":[{"embeddable":true,"href":"https:\/\/www.egemtv.com\/index.php?rest_route=\/wp\/v2\/users\/1"}],"replies":[{"embeddable":true,"href":"https:\/\/www.egemtv.com\/index.php?rest_route=%2Fwp%2Fv2%2Fcomments&post=34306"}],"version-history":[{"count":1,"href":"https:\/\/www.egemtv.com\/index.php?rest_route=\/wp\/v2\/posts\/34306\/revisions"}],"predecessor-version":[{"id":34308,"href":"https:\/\/www.egemtv.com\/index.php?rest_route=\/wp\/v2\/posts\/34306\/revisions\/34308"}],"wp:featuredmedia":[{"embeddable":true,"href":"https:\/\/www.egemtv.com\/index.php?rest_route=\/wp\/v2\/media\/34307"}],"wp:attachment":[{"href":"https:\/\/www.egemtv.com\/index.php?rest_route=%2Fwp%2Fv2%2Fmedia&parent=34306"}],"wp:term":[{"taxonomy":"category","embeddable":true,"href":"https:\/\/www.egemtv.com\/index.php?rest_route=%2Fwp%2Fv2%2Fcategories&post=34306"},{"taxonomy":"post_tag","embeddable":true,"href":"https:\/\/www.egemtv.com\/index.php?rest_route=%2Fwp%2Fv2%2Ftags&post=34306"}],"curies":[{"name":"wp","href":"https:\/\/api.w.org\/{rel}","templated":true}]}}