{"id":34303,"date":"2025-06-11T13:36:17","date_gmt":"2025-06-11T10:36:17","guid":{"rendered":"https:\/\/www.egemtv.com\/?p=34303"},"modified":"2025-06-11T13:36:24","modified_gmt":"2025-06-11T10:36:24","slug":"tup-bebek-merkezi-insaat-calismalari-suruyor","status":"publish","type":"post","link":"https:\/\/www.egemtv.com\/?p=34303","title":{"rendered":"T\u00fcp bebek merkezi in\u015faat \u00e7al\u0131\u015fmalar\u0131 s\u00fcr\u00fcyor"},"content":{"rendered":"<p>Afyonkarahisar Devlet Hastanesi b\u00fcnyesinde hizmet verecek olan t\u00fcp bebek merkezi yap\u0131lmas\u0131 i\u00e7in ba\u015flat\u0131lan in\u015faat \u00e7al\u0131\u015fmalar\u0131 devam ediyor.<br \/>\n<br \/>AK Parti Afyonkarahisar Milletvekili Dr. Hasan Arslan, Afyonkarahisar Devlet Hastanesi\u2019nde yap\u0131m\u0131 devam eden T\u00fcp Bebek Merkezi\u2019ne ili\u015fkin \u00f6nemli a\u00e7\u0131klamalarda bulundu. Milletvekili Arslan, Ba\u015fhekim Op. Dr. Mehmet Duran ve destek hizmetleri ba\u015fkan\u0131yla birlikte ger\u00e7ekle\u015ftirdi\u011fi inceleme ziyaretinde, merkezin in\u015faat s\u00fcreci ve a\u00e7\u0131l\u0131\u015f takvimi hakk\u0131nda bilgi verdi.<br \/>\n<br \/>Dr. Arslan, devlet ve hay\u0131rsever i\u015f birli\u011fiyle yap\u0131m\u0131 s\u00fcren merkezin, modern t\u0131bbi donan\u0131mlarla donat\u0131laca\u011f\u0131n\u0131 belirterek, malzeme ihalesinin 17 Haziran\u2019da ger\u00e7ekle\u015ftirilece\u011fini duyurdu. Aslan, \u0130n\u015faat\u0131n ve mekanik sistemlerin tamamlanmas\u0131yla birlikte merkezin \u00f6n\u00fcm\u00fczdeki iki bu\u00e7uk ay i\u00e7inde, yani sonbahar aylar\u0131nda vatanda\u015f\u0131n hizmetine sunulmas\u0131n\u0131n planland\u0131\u011f\u0131n\u0131 ifade etti.<br \/>\n<br \/>Yeni merkezle birlikte Afyonkarahisar Devlet Hastanesi\u2019nin sa\u011fl\u0131k hizmetlerindeki kapasitesinin \u00f6nemli \u00f6l\u00e7\u00fcde artaca\u011f\u0131n\u0131 vurgulayan Arslan, &#8220;Vatanda\u015f\u0131m\u0131za en kaliteli sa\u011fl\u0131k hizmetini sunmak i\u00e7in t\u00fcm imkanlar\u0131m\u0131z\u0131 seferber ediyoruz. T\u00fcrkiye\u2019deki en modern t\u00fcp bebek merkezlerinden birini Afyonkarahisar\u2019a kazand\u0131r\u0131yoruz. Cihazlar\u0131n temini s\u00fcreci devam ediyor. Hi\u00e7bir aksilik ya\u015fanmamas\u0131 halinde, bu sonbaharda hizmete a\u00e7may\u0131 hedefliyoruz&#8221; dedi.<br \/><\/p>\n","protected":false},"excerpt":{"rendered":"<p>Afyonkarahisar Devlet Hastanesi b\u00fcnyesinde hizmet verecek olan t\u00fcp bebek merkezi yap\u0131lmas\u0131 i\u00e7in ba\u015flat\u0131lan in\u015faat \u00e7al\u0131\u015fmalar\u0131 devam ediyor. AK Parti Afyonkarahisar Milletvekili Dr. Hasan Arslan, Afyonkarahisar Devlet Hastanesi\u2019nde yap\u0131m\u0131 devam eden T\u00fcp Bebek Merkezi\u2019ne ili\u015fkin \u00f6nemli a\u00e7\u0131klamalarda bulundu. Milletvekili Arslan, Ba\u015fhekim Op. Dr. Mehmet Duran ve destek hizmetleri ba\u015fkan\u0131yla birlikte ger\u00e7ekle\u015ftirdi\u011fi inceleme ziyaretinde, merkezin in\u015faat s\u00fcreci&#8230;<\/p>\n","protected":false},"author":1,"featured_media":34304,"comment_status":"open","ping_status":"open","sticky":false,"template":"","format":"standard","meta":{"_crdt_document":"","footnotes":""},"categories":[1],"tags":[],"class_list":["post-34303","post","type-post","status-publish","format-standard","has-post-thumbnail","hentry","category-guncel"],"_links":{"self":[{"href":"https:\/\/www.egemtv.com\/index.php?rest_route=\/wp\/v2\/posts\/34303","targetHints":{"allow":["GET"]}}],"collection":[{"href":"https:\/\/www.egemtv.com\/index.php?rest_route=\/wp\/v2\/posts"}],"about":[{"href":"https:\/\/www.egemtv.com\/index.php?rest_route=\/wp\/v2\/types\/post"}],"author":[{"embeddable":true,"href":"https:\/\/www.egemtv.com\/index.php?rest_route=\/wp\/v2\/users\/1"}],"replies":[{"embeddable":true,"href":"https:\/\/www.egemtv.com\/index.php?rest_route=%2Fwp%2Fv2%2Fcomments&post=34303"}],"version-history":[{"count":1,"href":"https:\/\/www.egemtv.com\/index.php?rest_route=\/wp\/v2\/posts\/34303\/revisions"}],"predecessor-version":[{"id":34305,"href":"https:\/\/www.egemtv.com\/index.php?rest_route=\/wp\/v2\/posts\/34303\/revisions\/34305"}],"wp:featuredmedia":[{"embeddable":true,"href":"https:\/\/www.egemtv.com\/index.php?rest_route=\/wp\/v2\/media\/34304"}],"wp:attachment":[{"href":"https:\/\/www.egemtv.com\/index.php?rest_route=%2Fwp%2Fv2%2Fmedia&parent=34303"}],"wp:term":[{"taxonomy":"category","embeddable":true,"href":"https:\/\/www.egemtv.com\/index.php?rest_route=%2Fwp%2Fv2%2Fcategories&post=34303"},{"taxonomy":"post_tag","embeddable":true,"href":"https:\/\/www.egemtv.com\/index.php?rest_route=%2Fwp%2Fv2%2Ftags&post=34303"}],"curies":[{"name":"wp","href":"https:\/\/api.w.org\/{rel}","templated":true}]}}