{"id":34300,"date":"2025-06-11T13:36:13","date_gmt":"2025-06-11T10:36:13","guid":{"rendered":"https:\/\/www.egemtv.com\/?p=34300"},"modified":"2025-06-11T13:36:16","modified_gmt":"2025-06-11T10:36:16","slug":"evinde-olu-bulunan-doktorun-kalp-krizinden-vefat-ettigi-belirlendi","status":"publish","type":"post","link":"https:\/\/www.egemtv.com\/?p=34300","title":{"rendered":"Evinde \u00f6l\u00fc bulunan doktorun kalp krizinden vefat etti\u011fi belirlendi"},"content":{"rendered":"<p>Denizli\u2019de bayram tatili d\u00f6n\u00fc\u015f\u00fc klini\u011fine gitmeyince, \u00e7al\u0131\u015fanlar\u0131 taraf\u0131ndan evinde \u00f6l\u00fc olarak bulunan doktorun kalp krizi sonucu hayat\u0131n\u0131 kaybetti\u011fi belirlendi.<\/p>\n<p>Merkezefendi il\u00e7esi Muratdede Mahallesi\u2019nde d\u00fcn sabah meydana gelen olayda; bayram tatili d\u00f6n\u00fc\u015f\u00fc d\u00fcn sabah klini\u011fine gitmeyen ve Kurban Bayram\u0131\u2019n\u0131n ikinci g\u00fcn\u00fcnden bu yana kendisinden haber al\u0131namayan Tamamlay\u0131c\u0131 T\u0131p, Anestezi ve A\u011fr\u0131 Uzman\u0131 Doktor Kenan Y\u0131ld\u0131r\u0131m\u2019\u0131 (62) merak eden \u00e7al\u0131\u015fanlar\u0131 evine gitti. Evinde Y\u0131ld\u0131r\u0131m\u2019\u0131 hareketsiz halde bulan \u00e7al\u0131\u015fanlar durumu 112 Acil \u00c7a\u011fr\u0131 Merkezine bildirdi. \u0130hbar \u00fczerine polis ve sa\u011fl\u0131k ekipleri sevk edildi.<\/p>\n<p>Sa\u011fl\u0131k ekiplerinin kontrol\u00fcnde hayat\u0131n\u0131 kaybetti\u011fi belirlenen Y\u0131ld\u0131r\u0131m\u2019\u0131n cenazesi otopsi i\u00e7in Adli T\u0131p Kurumu Grup Ba\u015fkanl\u0131\u011f\u0131 morguna kald\u0131r\u0131ld\u0131. Yap\u0131lan ilk incelemelerde Dr. Kenan Y\u0131ld\u0131r\u0131m\u2019\u0131n ge\u00e7irdi\u011fi kalp krizi sonucu hayat\u0131n\u0131 kaybetti\u011fi belirlenirken, kesin \u00f6l\u00fcm nedeninin ise otopsi raporunun netle\u015fmesinin ard\u0131ndan ortaya \u00e7\u0131kaca\u011f\u0131 bildirildi.<\/p>\n<p>Denizli sa\u011fl\u0131k camias\u0131n\u0131n sevilen isimlerinden olan Dr. Kenan Y\u0131ld\u0131r\u0131m\u2019\u0131n \u00f6l\u00fcm haberi, b\u00fcy\u00fck \u00fcz\u00fcnt\u00fcye neden oldu. Y\u0131ld\u0131r\u0131m\u2019\u0131n yak\u0131nlar\u0131 taraf\u0131ndan teslim al\u0131nan cenazesi, Asri Mezarl\u0131k Camisinde k\u0131l\u0131nan cenaze namaz\u0131n\u0131n ard\u0131ndan Bozburun Mezarl\u0131\u011f\u0131nda dualarla son yolculu\u011funa u\u011furland\u0131.<br \/><\/p>\n","protected":false},"excerpt":{"rendered":"<p>Denizli\u2019de bayram tatili d\u00f6n\u00fc\u015f\u00fc klini\u011fine gitmeyince, \u00e7al\u0131\u015fanlar\u0131 taraf\u0131ndan evinde \u00f6l\u00fc olarak bulunan doktorun kalp krizi sonucu hayat\u0131n\u0131 kaybetti\u011fi belirlendi. Merkezefendi il\u00e7esi Muratdede Mahallesi\u2019nde d\u00fcn sabah meydana gelen olayda; bayram tatili d\u00f6n\u00fc\u015f\u00fc d\u00fcn sabah klini\u011fine gitmeyen ve Kurban Bayram\u0131\u2019n\u0131n ikinci g\u00fcn\u00fcnden bu yana kendisinden haber al\u0131namayan Tamamlay\u0131c\u0131 T\u0131p, Anestezi ve A\u011fr\u0131 Uzman\u0131 Doktor Kenan Y\u0131ld\u0131r\u0131m\u2019\u0131 (62)&#8230;<\/p>\n","protected":false},"author":1,"featured_media":34301,"comment_status":"open","ping_status":"open","sticky":false,"template":"","format":"standard","meta":{"_crdt_document":"","footnotes":""},"categories":[5],"tags":[],"class_list":["post-34300","post","type-post","status-publish","format-standard","has-post-thumbnail","hentry","category-asayis"],"_links":{"self":[{"href":"https:\/\/www.egemtv.com\/index.php?rest_route=\/wp\/v2\/posts\/34300","targetHints":{"allow":["GET"]}}],"collection":[{"href":"https:\/\/www.egemtv.com\/index.php?rest_route=\/wp\/v2\/posts"}],"about":[{"href":"https:\/\/www.egemtv.com\/index.php?rest_route=\/wp\/v2\/types\/post"}],"author":[{"embeddable":true,"href":"https:\/\/www.egemtv.com\/index.php?rest_route=\/wp\/v2\/users\/1"}],"replies":[{"embeddable":true,"href":"https:\/\/www.egemtv.com\/index.php?rest_route=%2Fwp%2Fv2%2Fcomments&post=34300"}],"version-history":[{"count":1,"href":"https:\/\/www.egemtv.com\/index.php?rest_route=\/wp\/v2\/posts\/34300\/revisions"}],"predecessor-version":[{"id":34302,"href":"https:\/\/www.egemtv.com\/index.php?rest_route=\/wp\/v2\/posts\/34300\/revisions\/34302"}],"wp:featuredmedia":[{"embeddable":true,"href":"https:\/\/www.egemtv.com\/index.php?rest_route=\/wp\/v2\/media\/34301"}],"wp:attachment":[{"href":"https:\/\/www.egemtv.com\/index.php?rest_route=%2Fwp%2Fv2%2Fmedia&parent=34300"}],"wp:term":[{"taxonomy":"category","embeddable":true,"href":"https:\/\/www.egemtv.com\/index.php?rest_route=%2Fwp%2Fv2%2Fcategories&post=34300"},{"taxonomy":"post_tag","embeddable":true,"href":"https:\/\/www.egemtv.com\/index.php?rest_route=%2Fwp%2Fv2%2Ftags&post=34300"}],"curies":[{"name":"wp","href":"https:\/\/api.w.org\/{rel}","templated":true}]}}