{"id":34297,"date":"2025-06-11T13:17:58","date_gmt":"2025-06-11T10:17:58","guid":{"rendered":"https:\/\/www.egemtv.com\/?p=34297"},"modified":"2025-06-11T13:18:04","modified_gmt":"2025-06-11T10:18:04","slug":"kadinlarin-urettigi-tahin-urunleri-zincir-markette-satilacak","status":"publish","type":"post","link":"https:\/\/www.egemtv.com\/?p=34297","title":{"rendered":"Kad\u0131nlar\u0131n \u00fcretti\u011fi tahin \u00fcr\u00fcnleri zincir markette sat\u0131lacak"},"content":{"rendered":"<p>7 kad\u0131n \u00fcyeden olu\u015fan Afyonkarahisar Ba\u015fmak\u00e7\u0131 Kad\u0131n Kooperatifi\u2019nin \u00fcretti\u011fi do\u011fal ve katk\u0131s\u0131z tahin \u00fcr\u00fcnlerinin zincir bir markette sat\u0131lmas\u0131 i\u00e7in protokol imzaland\u0131.<br \/>\n<br \/>Vali Do\u00e7. Dr. K\u00fcbra G\u00fcran Yi\u011fitba\u015f\u0131\u2019n\u0131n kat\u0131l\u0131mlar\u0131yla, Ba\u015fmak\u00e7\u0131 Kad\u0131n Kooperatifi ile zincir bir market aras\u0131nda i\u015f birli\u011fi protokol\u00fc imzaland\u0131. 7 kad\u0131n \u00fcyeden olu\u015fan Ba\u015fmak\u00e7\u0131 Kad\u0131n Kooperatifi, do\u011fal ve katk\u0131s\u0131z tahin \u00fcretimiyle Afyonkarahisar ve Denizli\u2019deki marketlerin yan\u0131 s\u0131ra di\u011fer \u015fehirlerdeki zincir market raflar\u0131nda da yer almaya ba\u015flad\u0131. Bu protokolle \u00fcr\u00fcnlerin T\u00fcrkiye genelinde sat\u0131\u015fa sunulmas\u0131 hedefleniyor.<br \/><\/p>\n","protected":false},"excerpt":{"rendered":"<p>7 kad\u0131n \u00fcyeden olu\u015fan Afyonkarahisar Ba\u015fmak\u00e7\u0131 Kad\u0131n Kooperatifi\u2019nin \u00fcretti\u011fi do\u011fal ve katk\u0131s\u0131z tahin \u00fcr\u00fcnlerinin zincir bir markette sat\u0131lmas\u0131 i\u00e7in protokol imzaland\u0131. Vali Do\u00e7. Dr. K\u00fcbra G\u00fcran Yi\u011fitba\u015f\u0131\u2019n\u0131n kat\u0131l\u0131mlar\u0131yla, Ba\u015fmak\u00e7\u0131 Kad\u0131n Kooperatifi ile zincir bir market aras\u0131nda i\u015f birli\u011fi protokol\u00fc imzaland\u0131. 7 kad\u0131n \u00fcyeden olu\u015fan Ba\u015fmak\u00e7\u0131 Kad\u0131n Kooperatifi, do\u011fal ve katk\u0131s\u0131z tahin \u00fcretimiyle Afyonkarahisar ve Denizli\u2019deki&#8230;<\/p>\n","protected":false},"author":1,"featured_media":34298,"comment_status":"open","ping_status":"open","sticky":false,"template":"","format":"standard","meta":{"_crdt_document":"","footnotes":""},"categories":[1],"tags":[],"class_list":["post-34297","post","type-post","status-publish","format-standard","has-post-thumbnail","hentry","category-guncel"],"_links":{"self":[{"href":"https:\/\/www.egemtv.com\/index.php?rest_route=\/wp\/v2\/posts\/34297","targetHints":{"allow":["GET"]}}],"collection":[{"href":"https:\/\/www.egemtv.com\/index.php?rest_route=\/wp\/v2\/posts"}],"about":[{"href":"https:\/\/www.egemtv.com\/index.php?rest_route=\/wp\/v2\/types\/post"}],"author":[{"embeddable":true,"href":"https:\/\/www.egemtv.com\/index.php?rest_route=\/wp\/v2\/users\/1"}],"replies":[{"embeddable":true,"href":"https:\/\/www.egemtv.com\/index.php?rest_route=%2Fwp%2Fv2%2Fcomments&post=34297"}],"version-history":[{"count":1,"href":"https:\/\/www.egemtv.com\/index.php?rest_route=\/wp\/v2\/posts\/34297\/revisions"}],"predecessor-version":[{"id":34299,"href":"https:\/\/www.egemtv.com\/index.php?rest_route=\/wp\/v2\/posts\/34297\/revisions\/34299"}],"wp:featuredmedia":[{"embeddable":true,"href":"https:\/\/www.egemtv.com\/index.php?rest_route=\/wp\/v2\/media\/34298"}],"wp:attachment":[{"href":"https:\/\/www.egemtv.com\/index.php?rest_route=%2Fwp%2Fv2%2Fmedia&parent=34297"}],"wp:term":[{"taxonomy":"category","embeddable":true,"href":"https:\/\/www.egemtv.com\/index.php?rest_route=%2Fwp%2Fv2%2Fcategories&post=34297"},{"taxonomy":"post_tag","embeddable":true,"href":"https:\/\/www.egemtv.com\/index.php?rest_route=%2Fwp%2Fv2%2Ftags&post=34297"}],"curies":[{"name":"wp","href":"https:\/\/api.w.org\/{rel}","templated":true}]}}