{"id":34291,"date":"2025-06-11T12:58:03","date_gmt":"2025-06-11T09:58:03","guid":{"rendered":"https:\/\/www.egemtv.com\/?p=34291"},"modified":"2025-06-11T12:58:09","modified_gmt":"2025-06-11T09:58:09","slug":"9-geleneksel-baskoyspor-senlikleri","status":"publish","type":"post","link":"https:\/\/www.egemtv.com\/?p=34291","title":{"rendered":"9. Geleneksel Ba\u015fk\u00f6yspor \u015eenlikleri"},"content":{"rendered":"<p>K\u00fctahya\u2019n\u0131n Tav\u015fanl\u0131 il\u00e7esine ba\u011fl\u0131 Ba\u015fk\u00f6y, geleneksel \u015fenlik ve turnuvalar\u0131na bu y\u0131l da b\u00fcy\u00fck bir ilgiyle ev sahipli\u011fi yapt\u0131. Merhum Mustafa Y\u0131lmayan an\u0131s\u0131na d\u00fczenlenen 9. Geleneksel Ba\u015fk\u00f6yspor \u015eenlikleri, yakla\u015f\u0131k 500 ki\u015finin kat\u0131l\u0131m\u0131yla renkli g\u00f6r\u00fcnt\u00fclere sahne oldu.<br \/>\n<br \/>\u015eenlikler, Ba\u015fk\u00f6y \u00e7ay\u0131r alan\u0131nda \u00e7ocuklar\u0131n kendi aralar\u0131nda yapt\u0131\u011f\u0131 ma\u00e7larla ba\u015flad\u0131. Etkinli\u011fe ulusal ney kaval sanat\u00e7\u0131s\u0131 Halil Alt\u0131nta\u015f, Ahmet Alt\u0131nbay\u2019\u0131n davulu e\u015fli\u011finde performans\u0131yla b\u00fcy\u00fck be\u011feni toplad\u0131. Merhum Mustafa Y\u0131lmayan ruhuna dualar\u0131n okundu\u011fu ve ikramlar\u0131n yap\u0131ld\u0131\u011f\u0131 \u015fenliklere, Kurucu Ba\u015fkan Mustafa Alt\u0131nbay (Dede), Tav\u015fanl\u0131 Kahveciler Odas\u0131 Ba\u015fkan\u0131 Tahir Akcan, Tav\u015fanl\u0131 Pazarc\u0131lar Odas\u0131 Ba\u015fkan\u0131 R\u0131dvan Altay ve \u00e7ok say\u0131da misafir kat\u0131ld\u0131. Yurtd\u0131\u015f\u0131nda ya\u015fayan gurbet\u00e7ilerin ilgisi de dikkat \u00e7ekiciydi.<br \/>\n<br \/>K\u0131ran k\u0131rana ge\u00e7en futbol m\u00fcsabakalar\u0131 izleyicilere seyir zevki y\u00fcksek anlar ya\u015fatt\u0131. G\u00fcn\u00fcn sonunda d\u00fczenlenen minikler penalt\u0131 turnuvas\u0131nda Mikail \u00c7ay\u0131r \u015fampiyon olurken, ikincili\u011fi M. Emre \u00d6z, \u00fc\u00e7\u00fcnc\u00fcl\u00fc\u011f\u00fc Metehan Altay ve d\u00f6rd\u00fcnc\u00fcl\u00fc\u011f\u00fc Yi\u011fit Kaan Erg\u00fcl kazand\u0131.<br \/>\n<br \/>Etkinliklerin ikinci etab\u0131, gece Ba\u015fk\u00f6y \u015eehit J. Er Abdurrahman Alt\u0131nbay hal\u0131 sahas\u0131nda devam etti. Ba\u015fk\u00f6yl\u00fc Ahmet \u00d6zer\u2019in muhte\u015fem saz\u0131 e\u015fli\u011finde konuklar doyas\u0131ya e\u011flendi. \u00c7ekili\u015fler ve s\u00fcrpriz g\u00f6steriler geceye ayr\u0131 bir renk katarken, belge takdim t\u00f6reniyle co\u015fku doru\u011fa ula\u015ft\u0131. Ba\u015fk\u00f6y\u2019\u00fcn bu geleneksel \u015fenlikleri, birlik ve beraberli\u011fin g\u00fczel bir \u00f6rne\u011fini sergiledi.   Ba\u015fk\u00f6yspor Kul\u00fcp Ba\u015fkan\u0131 Celalettin Altay, \u015fenliklere kat\u0131lan herkese te\u015fekk\u00fcr ederek, birlik ve beraberli\u011fin \u00f6nemini vurgulad\u0131.<br \/><\/p>\n","protected":false},"excerpt":{"rendered":"<p>K\u00fctahya\u2019n\u0131n Tav\u015fanl\u0131 il\u00e7esine ba\u011fl\u0131 Ba\u015fk\u00f6y, geleneksel \u015fenlik ve turnuvalar\u0131na bu y\u0131l da b\u00fcy\u00fck bir ilgiyle ev sahipli\u011fi yapt\u0131. Merhum Mustafa Y\u0131lmayan an\u0131s\u0131na d\u00fczenlenen 9. Geleneksel Ba\u015fk\u00f6yspor \u015eenlikleri, yakla\u015f\u0131k 500 ki\u015finin kat\u0131l\u0131m\u0131yla renkli g\u00f6r\u00fcnt\u00fclere sahne oldu. \u015eenlikler, Ba\u015fk\u00f6y \u00e7ay\u0131r alan\u0131nda \u00e7ocuklar\u0131n kendi aralar\u0131nda yapt\u0131\u011f\u0131 ma\u00e7larla ba\u015flad\u0131. Etkinli\u011fe ulusal ney kaval sanat\u00e7\u0131s\u0131 Halil Alt\u0131nta\u015f, Ahmet Alt\u0131nbay\u2019\u0131n davulu&#8230;<\/p>\n","protected":false},"author":1,"featured_media":34292,"comment_status":"open","ping_status":"open","sticky":false,"template":"","format":"standard","meta":{"_crdt_document":"","footnotes":""},"categories":[4],"tags":[],"class_list":["post-34291","post","type-post","status-publish","format-standard","has-post-thumbnail","hentry","category-spor"],"_links":{"self":[{"href":"https:\/\/www.egemtv.com\/index.php?rest_route=\/wp\/v2\/posts\/34291","targetHints":{"allow":["GET"]}}],"collection":[{"href":"https:\/\/www.egemtv.com\/index.php?rest_route=\/wp\/v2\/posts"}],"about":[{"href":"https:\/\/www.egemtv.com\/index.php?rest_route=\/wp\/v2\/types\/post"}],"author":[{"embeddable":true,"href":"https:\/\/www.egemtv.com\/index.php?rest_route=\/wp\/v2\/users\/1"}],"replies":[{"embeddable":true,"href":"https:\/\/www.egemtv.com\/index.php?rest_route=%2Fwp%2Fv2%2Fcomments&post=34291"}],"version-history":[{"count":1,"href":"https:\/\/www.egemtv.com\/index.php?rest_route=\/wp\/v2\/posts\/34291\/revisions"}],"predecessor-version":[{"id":34293,"href":"https:\/\/www.egemtv.com\/index.php?rest_route=\/wp\/v2\/posts\/34291\/revisions\/34293"}],"wp:featuredmedia":[{"embeddable":true,"href":"https:\/\/www.egemtv.com\/index.php?rest_route=\/wp\/v2\/media\/34292"}],"wp:attachment":[{"href":"https:\/\/www.egemtv.com\/index.php?rest_route=%2Fwp%2Fv2%2Fmedia&parent=34291"}],"wp:term":[{"taxonomy":"category","embeddable":true,"href":"https:\/\/www.egemtv.com\/index.php?rest_route=%2Fwp%2Fv2%2Fcategories&post=34291"},{"taxonomy":"post_tag","embeddable":true,"href":"https:\/\/www.egemtv.com\/index.php?rest_route=%2Fwp%2Fv2%2Ftags&post=34291"}],"curies":[{"name":"wp","href":"https:\/\/api.w.org\/{rel}","templated":true}]}}