{"id":34288,"date":"2025-06-11T12:57:57","date_gmt":"2025-06-11T09:57:57","guid":{"rendered":"https:\/\/www.egemtv.com\/?p=34288"},"modified":"2025-06-11T12:58:03","modified_gmt":"2025-06-11T09:58:03","slug":"kutahya-osb-firmalari-ogrencilerle-bulustu","status":"publish","type":"post","link":"https:\/\/www.egemtv.com\/?p=34288","title":{"rendered":"K\u00fctahya OSB firmalar\u0131 \u00f6\u011frencilerle bulu\u015ftu"},"content":{"rendered":"<p>K\u00fctahya Organize Sanayi B\u00f6lgesi\u2019nde faaliyet g\u00f6steren firmalar, TOBB K\u00fctahya OSB Mesleki ve Teknik Anadolu Lisesi ev sahipli\u011finde d\u00fczenlenen etkinlikte \u00f6\u011frencilerle bir araya geldi. Etkinli\u011fe K\u00fctahya Mesleki ve Teknik Anadolu Lisesi, Atat\u00fcrk Mesleki ve Teknik Anadolu Lisesi ile K\u00dcTSO Mesleki ve Teknik Anadolu Lisesi \u00f6\u011frencileri kat\u0131ld\u0131.<br \/>\n<br \/>Okulun fuaye alan\u0131nda kurulan stantlarda firmalar\u0131n temsilcileri, \u00f6\u011frencilere \u00fcretim s\u00fcre\u00e7leri, staj ve i\u015f imkanlar\u0131 hakk\u0131nda bilgi verdi. \u00d6\u011frenciler, firmalar\u0131n faaliyet alanlar\u0131n\u0131 yak\u0131ndan tan\u0131ma f\u0131rsat\u0131 bulurken, yetkililere merak ettikleri sorular\u0131 sorma imk\u00e2n\u0131 da yakalad\u0131.<br \/>\n<br \/>Etkinlik kapsam\u0131nda \u0130\u015f Kurumu M\u00fcd\u00fcrl\u00fc\u011f\u00fc taraf\u0131ndan &#8220;Do\u011fru CV Nas\u0131l Doldurulur?&#8221; ba\u015fl\u0131kl\u0131 bir seminer d\u00fczenlendi. Seminere kat\u0131lan \u00f6\u011frencilere etkili bir \u00f6zge\u00e7mi\u015fin nas\u0131l haz\u0131rlanmas\u0131 gerekti\u011fi anlat\u0131ld\u0131. \u00d6\u011frenciler, i\u015f ba\u015fvurular\u0131nda dikkat edilmesi gereken noktalar\u0131 \u00f6\u011frenirken, firmalar da gen\u00e7lerin CV\u2019lerini toplayarak ilerleyen s\u00fcre\u00e7te de\u011ferlendirmek \u00fczere kay\u0131t alt\u0131na ald\u0131.<br \/>\n<br \/>Program\u0131n son b\u00f6l\u00fcm\u00fcnde, \u00f6\u011frencilerin sanayi ortam\u0131n\u0131 yerinde g\u00f6rmeleri amac\u0131yla NG Makine fabrikas\u0131na teknik gezi d\u00fczenlendi. Fabrika yetkilileri, \u00f6\u011frencilere \u00fcretim hatlar\u0131n\u0131 gezdirerek kullan\u0131lan makine ve ekipmanlar hakk\u0131nda detayl\u0131 bilgi verdi. B\u00f6ylece \u00f6\u011frenciler, teorik bilgilerini pratikle peki\u015ftirerek sanayideki \u00e7al\u0131\u015fma ortam\u0131n\u0131 yak\u0131ndan tan\u0131ma f\u0131rsat\u0131 elde etti.<br \/><\/p>\n","protected":false},"excerpt":{"rendered":"<p>K\u00fctahya Organize Sanayi B\u00f6lgesi\u2019nde faaliyet g\u00f6steren firmalar, TOBB K\u00fctahya OSB Mesleki ve Teknik Anadolu Lisesi ev sahipli\u011finde d\u00fczenlenen etkinlikte \u00f6\u011frencilerle bir araya geldi. Etkinli\u011fe K\u00fctahya Mesleki ve Teknik Anadolu Lisesi, Atat\u00fcrk Mesleki ve Teknik Anadolu Lisesi ile K\u00dcTSO Mesleki ve Teknik Anadolu Lisesi \u00f6\u011frencileri kat\u0131ld\u0131. Okulun fuaye alan\u0131nda kurulan stantlarda firmalar\u0131n temsilcileri, \u00f6\u011frencilere \u00fcretim s\u00fcre\u00e7leri,&#8230;<\/p>\n","protected":false},"author":1,"featured_media":34289,"comment_status":"open","ping_status":"open","sticky":false,"template":"","format":"standard","meta":{"_crdt_document":"","footnotes":""},"categories":[1],"tags":[],"class_list":["post-34288","post","type-post","status-publish","format-standard","has-post-thumbnail","hentry","category-guncel"],"_links":{"self":[{"href":"https:\/\/www.egemtv.com\/index.php?rest_route=\/wp\/v2\/posts\/34288","targetHints":{"allow":["GET"]}}],"collection":[{"href":"https:\/\/www.egemtv.com\/index.php?rest_route=\/wp\/v2\/posts"}],"about":[{"href":"https:\/\/www.egemtv.com\/index.php?rest_route=\/wp\/v2\/types\/post"}],"author":[{"embeddable":true,"href":"https:\/\/www.egemtv.com\/index.php?rest_route=\/wp\/v2\/users\/1"}],"replies":[{"embeddable":true,"href":"https:\/\/www.egemtv.com\/index.php?rest_route=%2Fwp%2Fv2%2Fcomments&post=34288"}],"version-history":[{"count":1,"href":"https:\/\/www.egemtv.com\/index.php?rest_route=\/wp\/v2\/posts\/34288\/revisions"}],"predecessor-version":[{"id":34290,"href":"https:\/\/www.egemtv.com\/index.php?rest_route=\/wp\/v2\/posts\/34288\/revisions\/34290"}],"wp:featuredmedia":[{"embeddable":true,"href":"https:\/\/www.egemtv.com\/index.php?rest_route=\/wp\/v2\/media\/34289"}],"wp:attachment":[{"href":"https:\/\/www.egemtv.com\/index.php?rest_route=%2Fwp%2Fv2%2Fmedia&parent=34288"}],"wp:term":[{"taxonomy":"category","embeddable":true,"href":"https:\/\/www.egemtv.com\/index.php?rest_route=%2Fwp%2Fv2%2Fcategories&post=34288"},{"taxonomy":"post_tag","embeddable":true,"href":"https:\/\/www.egemtv.com\/index.php?rest_route=%2Fwp%2Fv2%2Ftags&post=34288"}],"curies":[{"name":"wp","href":"https:\/\/api.w.org\/{rel}","templated":true}]}}