{"id":34285,"date":"2025-06-11T12:57:50","date_gmt":"2025-06-11T09:57:50","guid":{"rendered":"https:\/\/www.egemtv.com\/?p=34285"},"modified":"2025-06-11T12:57:56","modified_gmt":"2025-06-11T09:57:56","slug":"1-kural-1-omur-temali-resim-yarismasi-il-birincisi-hisarcik-ataturk-ilkokulundan","status":"publish","type":"post","link":"https:\/\/www.egemtv.com\/?p=34285","title":{"rendered":"&#8220;1 Kural 1 \u00d6m\u00fcr&#8221; temal\u0131 resim yar\u0131\u015fmas\u0131 il birincisi Hisarc\u0131k Atat\u00fcrk \u0130lkokulu\u2019ndan"},"content":{"rendered":"<p>Milli E\u011fitim Bakanl\u0131\u011f\u0131 (MEB) ve Emniyet Genel M\u00fcd\u00fcrl\u00fc\u011f\u00fc i\u015fbirli\u011fiyle gelece\u011fin bilin\u00e7li bireylerini yeti\u015ftirmek amac\u0131yla K\u00fctahya\u2019da ilkokul \u00f6\u011frencilerine y\u00f6nelik &#8220;1 Kural, 1 \u00d6m\u00fcr&#8221; temas\u0131yla d\u00fczenlenen resim yar\u0131\u015fmas\u0131nda Hisarc\u0131k Atat\u00fcrk \u0130lkokulu 4. S\u0131n\u0131f \u00f6\u011frencisi Cemre Kurt il birincisi oldu.<br \/>\n<br \/>Trafik kazalar\u0131n\u0131n \u00f6nlenmesinde, k\u00fc\u00e7\u00fck ya\u015flardan itibaren verilecek e\u011fitimin ve olu\u015fturulacak fark\u0131ndal\u0131\u011f\u0131n b\u00fcy\u00fck \u00f6nem ta\u015f\u0131d\u0131\u011f\u0131n\u0131 belirten Atat\u00fcrk \u0130lkokulu M\u00fcd\u00fcr\u00fc Pelin Solak, &#8220;1 Kural, 1 \u00d6m\u00fcr&#8221; temas\u0131yla d\u00fczenlenen resim yar\u0131\u015fmas\u0131nda il birincisi olan Cemre Kurt\u2019u ve emek veren S\u0131n\u0131f \u00d6\u011fretmeni Cavit \u00d6z\u00e7il\u2019i tebrik etti.<br \/>\n<br \/>&#8220;1 Kural, 1 \u00d6m\u00fcr&#8221; temas\u0131yla hayata ge\u00e7irilen resim yar\u0131\u015fmas\u0131 ilkokul \u00e7a\u011f\u0131ndaki \u00e7ocuklar\u0131n trafik g\u00fcvenli\u011fi konusunda erken ya\u015fta bilin\u00e7lenmesini hedefliyor.<br \/><\/p>\n","protected":false},"excerpt":{"rendered":"<p>Milli E\u011fitim Bakanl\u0131\u011f\u0131 (MEB) ve Emniyet Genel M\u00fcd\u00fcrl\u00fc\u011f\u00fc i\u015fbirli\u011fiyle gelece\u011fin bilin\u00e7li bireylerini yeti\u015ftirmek amac\u0131yla K\u00fctahya\u2019da ilkokul \u00f6\u011frencilerine y\u00f6nelik &#8220;1 Kural, 1 \u00d6m\u00fcr&#8221; temas\u0131yla d\u00fczenlenen resim yar\u0131\u015fmas\u0131nda Hisarc\u0131k Atat\u00fcrk \u0130lkokulu 4. S\u0131n\u0131f \u00f6\u011frencisi Cemre Kurt il birincisi oldu. Trafik kazalar\u0131n\u0131n \u00f6nlenmesinde, k\u00fc\u00e7\u00fck ya\u015flardan itibaren verilecek e\u011fitimin ve olu\u015fturulacak fark\u0131ndal\u0131\u011f\u0131n b\u00fcy\u00fck \u00f6nem ta\u015f\u0131d\u0131\u011f\u0131n\u0131 belirten Atat\u00fcrk \u0130lkokulu M\u00fcd\u00fcr\u00fc&#8230;<\/p>\n","protected":false},"author":1,"featured_media":34286,"comment_status":"open","ping_status":"open","sticky":false,"template":"","format":"standard","meta":{"_crdt_document":"","footnotes":""},"categories":[1],"tags":[],"class_list":["post-34285","post","type-post","status-publish","format-standard","has-post-thumbnail","hentry","category-guncel"],"_links":{"self":[{"href":"https:\/\/www.egemtv.com\/index.php?rest_route=\/wp\/v2\/posts\/34285","targetHints":{"allow":["GET"]}}],"collection":[{"href":"https:\/\/www.egemtv.com\/index.php?rest_route=\/wp\/v2\/posts"}],"about":[{"href":"https:\/\/www.egemtv.com\/index.php?rest_route=\/wp\/v2\/types\/post"}],"author":[{"embeddable":true,"href":"https:\/\/www.egemtv.com\/index.php?rest_route=\/wp\/v2\/users\/1"}],"replies":[{"embeddable":true,"href":"https:\/\/www.egemtv.com\/index.php?rest_route=%2Fwp%2Fv2%2Fcomments&post=34285"}],"version-history":[{"count":1,"href":"https:\/\/www.egemtv.com\/index.php?rest_route=\/wp\/v2\/posts\/34285\/revisions"}],"predecessor-version":[{"id":34287,"href":"https:\/\/www.egemtv.com\/index.php?rest_route=\/wp\/v2\/posts\/34285\/revisions\/34287"}],"wp:featuredmedia":[{"embeddable":true,"href":"https:\/\/www.egemtv.com\/index.php?rest_route=\/wp\/v2\/media\/34286"}],"wp:attachment":[{"href":"https:\/\/www.egemtv.com\/index.php?rest_route=%2Fwp%2Fv2%2Fmedia&parent=34285"}],"wp:term":[{"taxonomy":"category","embeddable":true,"href":"https:\/\/www.egemtv.com\/index.php?rest_route=%2Fwp%2Fv2%2Fcategories&post=34285"},{"taxonomy":"post_tag","embeddable":true,"href":"https:\/\/www.egemtv.com\/index.php?rest_route=%2Fwp%2Fv2%2Ftags&post=34285"}],"curies":[{"name":"wp","href":"https:\/\/api.w.org\/{rel}","templated":true}]}}