{"id":34282,"date":"2025-06-11T12:57:45","date_gmt":"2025-06-11T09:57:45","guid":{"rendered":"https:\/\/www.egemtv.com\/?p=34282"},"modified":"2025-06-11T12:57:50","modified_gmt":"2025-06-11T09:57:50","slug":"tavsanli-muhtarlarindan-kaymakam-baskina-duygusal-veda","status":"publish","type":"post","link":"https:\/\/www.egemtv.com\/?p=34282","title":{"rendered":"Tav\u015fanl\u0131 muhtarlar\u0131ndan Kaymakam Bask\u0131n\u2019a duygusal veda"},"content":{"rendered":"<p>K\u00fctahya\u2019n\u0131n Tav\u015fanl\u0131 il\u00e7esinde g\u00f6rev yapan Kaymakam Hayrettin Bask\u0131n i\u00e7in veda yeme\u011fi d\u00fczenlendi. Cumhurba\u015fkanl\u0131\u011f\u0131 kararnamesi ile Safranbolu\u2019ya atanan Kaymakam Bask\u0131n i\u00e7in Tav\u015fanl\u0131 K\u00f6y ve Mahalle Muhtarlar\u0131 Derne\u011fi taraf\u0131ndan organize edilen program, duygusal anlara sahne oldu.<br \/>\n<br \/>D\u00fczenlenen veda yeme\u011fine il\u00e7e protokol\u00fc tam kadro kat\u0131l\u0131m g\u00f6sterdi. Programa Kaymakam Hayrettin Bask\u0131n, Tav\u015fanl\u0131 Belediye Ba\u015fkan\u0131 Ali Kemal Derin, ba\u015fkan yard\u0131mc\u0131lar\u0131, \u0130l Genel  Meclisi \u00fcyeleri , siyasi parti il\u00e7e ba\u015fkanlar\u0131, Kuru\u00e7ay Belediye Ba\u015fkan\u0131 Reng\u00fcl At\u0131c\u0131, Tav\u015fanl\u0131 \u00d6zel \u0130dare M\u00fcd\u00fcr\u00fc Ali Ert\u00fcrk ile mahalle ve k\u00f6y muhtarlar\u0131 haz\u0131r bulundu. Yemek boyunca Kaymakam Bask\u0131n\u2019\u0131n Tav\u015fanl\u0131\u2019da g\u00f6rev s\u00fcresince ger\u00e7ekle\u015ftirdi\u011fi hizmetler ve il\u00e7eye katk\u0131lar\u0131 konu\u015fuldu.<br \/>\n<br \/>Tav\u015fanl\u0131 K\u00f6y ve Mahalle Muhtarlar\u0131 Derne\u011fi Ba\u015fkan\u0131 \u0130rfan G\u00fcner, yapt\u0131\u011f\u0131 konu\u015fmada, Kaymakam Bask\u0131n\u2019la g\u00f6rev yapman\u0131n kendisi ve muhtarlar i\u00e7in onur oldu\u011funu ifade ederek kendisine plaket takdim etti. Program\u0131n devam\u0131nda dernek y\u00f6netimi ad\u0131na Ada Mahallesi Muhtar\u0131 Halil Oral da Kaymakam Bask\u0131n\u2019a \u00f6zel bir hediye sundu. Gecede konu\u015fan siyasi parti temsilcileri ve Belediye ba\u015fkan\u0131 Ali Kemal Derin, Kaymakam Bask\u0131n\u2019\u0131n ileriki s\u00fcre\u00e7te Vali olarak yeni g\u00f6revler \u00fcstlenmesi ve tekrar yollar\u0131n\u0131n kesi\u015fmesi temennisinde bulundu.<br \/>\n<br \/>Program\u0131n sonunda k\u00fcrs\u00fcye gelen Kaymakam Hayrettin Bask\u0131n, Tav\u015fanl\u0131\u2019da ge\u00e7irdi\u011fi g\u00f6rev s\u00fcresince ya\u015fad\u0131klar\u0131 ve edindi\u011fi dostluklara de\u011findi\u011fi duygusal bir konu\u015fma yapt\u0131. Bask\u0131n, Tav\u015fanl\u0131 halk\u0131n\u0131n misafirperverli\u011fi ve \u00e7al\u0131\u015fkanl\u0131\u011f\u0131n\u0131 \u00f6vd\u00fc. G\u00f6rev s\u00fcresi boyunca il\u00e7ede ger\u00e7ekle\u015ftirilen projelerden bahseden Kaymakam Bask\u0131n, Tav\u015fanl\u0131\u2019n\u0131n kendisi i\u00e7in her zaman \u00f6zel bir yeri olaca\u011f\u0131n\u0131 vurgulad\u0131. Safranbolu\u2019daki yeni g\u00f6revi hakk\u0131nda da bilgiler veren Bask\u0131n, her iki il\u00e7enin de tarihi ve k\u00fclt\u00fcrel zenginliklerine dikkat \u00e7ekerek, yeni g\u00f6rev yerinde de ayn\u0131 heyecanla \u00e7al\u0131\u015faca\u011f\u0131n\u0131 belirtti.<br \/>\n<br \/>Veda yeme\u011fi, toplu foto\u011fraf \u00e7ekiminin ard\u0131ndan sona erdi. Kaymakam Bask\u0131n\u2019\u0131n \u00f6n\u00fcm\u00fczdeki g\u00fcnlerde Safranbolu\u2019daki g\u00f6revine ba\u015flamas\u0131 bekleniyor.<br \/><\/p>\n","protected":false},"excerpt":{"rendered":"<p>K\u00fctahya\u2019n\u0131n Tav\u015fanl\u0131 il\u00e7esinde g\u00f6rev yapan Kaymakam Hayrettin Bask\u0131n i\u00e7in veda yeme\u011fi d\u00fczenlendi. Cumhurba\u015fkanl\u0131\u011f\u0131 kararnamesi ile Safranbolu\u2019ya atanan Kaymakam Bask\u0131n i\u00e7in Tav\u015fanl\u0131 K\u00f6y ve Mahalle Muhtarlar\u0131 Derne\u011fi taraf\u0131ndan organize edilen program, duygusal anlara sahne oldu. D\u00fczenlenen veda yeme\u011fine il\u00e7e protokol\u00fc tam kadro kat\u0131l\u0131m g\u00f6sterdi. Programa Kaymakam Hayrettin Bask\u0131n, Tav\u015fanl\u0131 Belediye Ba\u015fkan\u0131 Ali Kemal Derin, ba\u015fkan yard\u0131mc\u0131lar\u0131,&#8230;<\/p>\n","protected":false},"author":1,"featured_media":34283,"comment_status":"open","ping_status":"open","sticky":false,"template":"","format":"standard","meta":{"_crdt_document":"","footnotes":""},"categories":[123],"tags":[],"class_list":["post-34282","post","type-post","status-publish","format-standard","has-post-thumbnail","hentry","category-gundem"],"_links":{"self":[{"href":"https:\/\/www.egemtv.com\/index.php?rest_route=\/wp\/v2\/posts\/34282","targetHints":{"allow":["GET"]}}],"collection":[{"href":"https:\/\/www.egemtv.com\/index.php?rest_route=\/wp\/v2\/posts"}],"about":[{"href":"https:\/\/www.egemtv.com\/index.php?rest_route=\/wp\/v2\/types\/post"}],"author":[{"embeddable":true,"href":"https:\/\/www.egemtv.com\/index.php?rest_route=\/wp\/v2\/users\/1"}],"replies":[{"embeddable":true,"href":"https:\/\/www.egemtv.com\/index.php?rest_route=%2Fwp%2Fv2%2Fcomments&post=34282"}],"version-history":[{"count":1,"href":"https:\/\/www.egemtv.com\/index.php?rest_route=\/wp\/v2\/posts\/34282\/revisions"}],"predecessor-version":[{"id":34284,"href":"https:\/\/www.egemtv.com\/index.php?rest_route=\/wp\/v2\/posts\/34282\/revisions\/34284"}],"wp:featuredmedia":[{"embeddable":true,"href":"https:\/\/www.egemtv.com\/index.php?rest_route=\/wp\/v2\/media\/34283"}],"wp:attachment":[{"href":"https:\/\/www.egemtv.com\/index.php?rest_route=%2Fwp%2Fv2%2Fmedia&parent=34282"}],"wp:term":[{"taxonomy":"category","embeddable":true,"href":"https:\/\/www.egemtv.com\/index.php?rest_route=%2Fwp%2Fv2%2Fcategories&post=34282"},{"taxonomy":"post_tag","embeddable":true,"href":"https:\/\/www.egemtv.com\/index.php?rest_route=%2Fwp%2Fv2%2Ftags&post=34282"}],"curies":[{"name":"wp","href":"https:\/\/api.w.org\/{rel}","templated":true}]}}