{"id":34279,"date":"2025-06-11T12:57:43","date_gmt":"2025-06-11T09:57:43","guid":{"rendered":"https:\/\/www.egemtv.com\/?p=34279"},"modified":"2025-06-11T12:57:44","modified_gmt":"2025-06-11T09:57:44","slug":"marmariste-avukattan-haber-alinamiyor","status":"publish","type":"post","link":"https:\/\/www.egemtv.com\/?p=34279","title":{"rendered":"Marmaris\u2019te avukattan haber al\u0131nam\u0131yor"},"content":{"rendered":"<p>Mu\u011fla\u2019n\u0131n Marmaris il\u00e7esindeki kamu kurumunda \u00e7al\u0131\u015fan Avukat Kevser Bali\u2019den d\u00fcn \u00f6\u011flen saatlerinden bu yana haber al\u0131namazken, ekipler kay\u0131p avukat\u0131 bulmak i\u00e7in \u00e7al\u0131\u015fma ba\u015flatt\u0131.<\/p>\n<p>Avukat Kevser Bali, d\u00fcn sabah Marmaris\u2019teki evinden &#8220;i\u015fyerine gidiyorum&#8221; diyerek ayr\u0131ld\u0131. Ancak ayn\u0131 g\u00fcn, i\u015f arkada\u015f\u0131na &#8220;rahats\u0131zland\u0131m, gelemeyece\u011fim&#8221; mesaj\u0131 g\u00f6nderdi. D\u00fcn saat 12.00 sular\u0131nda bir yak\u0131n\u0131yla k\u0131sa bir telefon g\u00f6r\u00fc\u015fmesi yapt\u0131ktan sonra kendisine ula\u015fan olmad\u0131. Kamu kurumunda g\u00f6revli oldu\u011fu \u00f6\u011frenilen Avukat Kevser Bali\u2019den d\u00fcnden bu yana haber alamayan ailesi emniyete giderek kay\u0131p ba\u015fvurusunda bulundu. Baba Mehmet Bali, k\u0131z\u0131n\u0131n hayat\u0131ndan endi\u015fe duyduklar\u0131n\u0131 belirterek, k\u0131z\u0131n\u0131 g\u00f6ren ya da duyanlar\u0131n g\u00fcvenlik g\u00fc\u00e7leriyle ve kendisiyle irtibata ge\u00e7mesi dile\u011finde bulundu.<br \/><\/p>\n","protected":false},"excerpt":{"rendered":"<p>Mu\u011fla\u2019n\u0131n Marmaris il\u00e7esindeki kamu kurumunda \u00e7al\u0131\u015fan Avukat Kevser Bali\u2019den d\u00fcn \u00f6\u011flen saatlerinden bu yana haber al\u0131namazken, ekipler kay\u0131p avukat\u0131 bulmak i\u00e7in \u00e7al\u0131\u015fma ba\u015flatt\u0131. Avukat Kevser Bali, d\u00fcn sabah Marmaris\u2019teki evinden &#8220;i\u015fyerine gidiyorum&#8221; diyerek ayr\u0131ld\u0131. Ancak ayn\u0131 g\u00fcn, i\u015f arkada\u015f\u0131na &#8220;rahats\u0131zland\u0131m, gelemeyece\u011fim&#8221; mesaj\u0131 g\u00f6nderdi. D\u00fcn saat 12.00 sular\u0131nda bir yak\u0131n\u0131yla k\u0131sa bir telefon g\u00f6r\u00fc\u015fmesi yapt\u0131ktan sonra&#8230;<\/p>\n","protected":false},"author":1,"featured_media":34280,"comment_status":"open","ping_status":"open","sticky":false,"template":"","format":"standard","meta":{"_crdt_document":"","footnotes":""},"categories":[5],"tags":[],"class_list":["post-34279","post","type-post","status-publish","format-standard","has-post-thumbnail","hentry","category-asayis"],"_links":{"self":[{"href":"https:\/\/www.egemtv.com\/index.php?rest_route=\/wp\/v2\/posts\/34279","targetHints":{"allow":["GET"]}}],"collection":[{"href":"https:\/\/www.egemtv.com\/index.php?rest_route=\/wp\/v2\/posts"}],"about":[{"href":"https:\/\/www.egemtv.com\/index.php?rest_route=\/wp\/v2\/types\/post"}],"author":[{"embeddable":true,"href":"https:\/\/www.egemtv.com\/index.php?rest_route=\/wp\/v2\/users\/1"}],"replies":[{"embeddable":true,"href":"https:\/\/www.egemtv.com\/index.php?rest_route=%2Fwp%2Fv2%2Fcomments&post=34279"}],"version-history":[{"count":1,"href":"https:\/\/www.egemtv.com\/index.php?rest_route=\/wp\/v2\/posts\/34279\/revisions"}],"predecessor-version":[{"id":34281,"href":"https:\/\/www.egemtv.com\/index.php?rest_route=\/wp\/v2\/posts\/34279\/revisions\/34281"}],"wp:featuredmedia":[{"embeddable":true,"href":"https:\/\/www.egemtv.com\/index.php?rest_route=\/wp\/v2\/media\/34280"}],"wp:attachment":[{"href":"https:\/\/www.egemtv.com\/index.php?rest_route=%2Fwp%2Fv2%2Fmedia&parent=34279"}],"wp:term":[{"taxonomy":"category","embeddable":true,"href":"https:\/\/www.egemtv.com\/index.php?rest_route=%2Fwp%2Fv2%2Fcategories&post=34279"},{"taxonomy":"post_tag","embeddable":true,"href":"https:\/\/www.egemtv.com\/index.php?rest_route=%2Fwp%2Fv2%2Ftags&post=34279"}],"curies":[{"name":"wp","href":"https:\/\/api.w.org\/{rel}","templated":true}]}}