{"id":34234,"date":"2025-06-11T10:16:09","date_gmt":"2025-06-11T07:16:09","guid":{"rendered":"https:\/\/www.egemtv.com\/?p=34234"},"modified":"2025-06-11T10:16:10","modified_gmt":"2025-06-11T07:16:10","slug":"ispartada-1-saatlik-asayis-ve-trafik-uygulamasinda-236-kisi-sorgulandi","status":"publish","type":"post","link":"https:\/\/www.egemtv.com\/?p=34234","title":{"rendered":"Isparta\u2019da 1 saatlik asayi\u015f ve trafik uygulamas\u0131nda 236 ki\u015fi sorguland\u0131"},"content":{"rendered":"<p>Isparta \u0130l Emniyet M\u00fcd\u00fcrl\u00fc\u011f\u00fc ekiplerince ge\u00e7ti\u011fimiz g\u00fcn ger\u00e7ekle\u015ftirilen asayi\u015f ve trafik uygulamas\u0131nda 236 \u015fah\u0131s ve 106 ara\u00e7 sorguland\u0131, kusurlu s\u00fcr\u00fcc\u00fclere idari para cezas\u0131 kesildi.<br \/>\n<br \/>Isparta \u0130l Emniyet M\u00fcd\u00fcrl\u00fc\u011f\u00fc taraf\u0131ndan ge\u00e7ti\u011fimi g\u00fcn ak\u015fam saat 21.00-22.00 aras\u0131nda asayi\u015f ve trafik denetimi ger\u00e7ekle\u015ftirildi. Uygulamalar kapsam\u0131nda toplam 236 \u015fah\u0131s ve 106 ara\u00e7 sorgulan\u0131rken, kusurlu bulunan ara\u00e7 s\u00fcr\u00fcc\u00fclerine idari para cezas\u0131 uyguland\u0131.<br \/><\/p>\n","protected":false},"excerpt":{"rendered":"<p>Isparta \u0130l Emniyet M\u00fcd\u00fcrl\u00fc\u011f\u00fc ekiplerince ge\u00e7ti\u011fimiz g\u00fcn ger\u00e7ekle\u015ftirilen asayi\u015f ve trafik uygulamas\u0131nda 236 \u015fah\u0131s ve 106 ara\u00e7 sorguland\u0131, kusurlu s\u00fcr\u00fcc\u00fclere idari para cezas\u0131 kesildi. Isparta \u0130l Emniyet M\u00fcd\u00fcrl\u00fc\u011f\u00fc taraf\u0131ndan ge\u00e7ti\u011fimi g\u00fcn ak\u015fam saat 21.00-22.00 aras\u0131nda asayi\u015f ve trafik denetimi ger\u00e7ekle\u015ftirildi. Uygulamalar kapsam\u0131nda toplam 236 \u015fah\u0131s ve 106 ara\u00e7 sorgulan\u0131rken, kusurlu bulunan ara\u00e7 s\u00fcr\u00fcc\u00fclerine idari para&#8230;<\/p>\n","protected":false},"author":1,"featured_media":34235,"comment_status":"open","ping_status":"open","sticky":false,"template":"","format":"standard","meta":{"_crdt_document":"","footnotes":""},"categories":[5],"tags":[],"class_list":["post-34234","post","type-post","status-publish","format-standard","has-post-thumbnail","hentry","category-asayis"],"_links":{"self":[{"href":"https:\/\/www.egemtv.com\/index.php?rest_route=\/wp\/v2\/posts\/34234","targetHints":{"allow":["GET"]}}],"collection":[{"href":"https:\/\/www.egemtv.com\/index.php?rest_route=\/wp\/v2\/posts"}],"about":[{"href":"https:\/\/www.egemtv.com\/index.php?rest_route=\/wp\/v2\/types\/post"}],"author":[{"embeddable":true,"href":"https:\/\/www.egemtv.com\/index.php?rest_route=\/wp\/v2\/users\/1"}],"replies":[{"embeddable":true,"href":"https:\/\/www.egemtv.com\/index.php?rest_route=%2Fwp%2Fv2%2Fcomments&post=34234"}],"version-history":[{"count":1,"href":"https:\/\/www.egemtv.com\/index.php?rest_route=\/wp\/v2\/posts\/34234\/revisions"}],"predecessor-version":[{"id":34236,"href":"https:\/\/www.egemtv.com\/index.php?rest_route=\/wp\/v2\/posts\/34234\/revisions\/34236"}],"wp:featuredmedia":[{"embeddable":true,"href":"https:\/\/www.egemtv.com\/index.php?rest_route=\/wp\/v2\/media\/34235"}],"wp:attachment":[{"href":"https:\/\/www.egemtv.com\/index.php?rest_route=%2Fwp%2Fv2%2Fmedia&parent=34234"}],"wp:term":[{"taxonomy":"category","embeddable":true,"href":"https:\/\/www.egemtv.com\/index.php?rest_route=%2Fwp%2Fv2%2Fcategories&post=34234"},{"taxonomy":"post_tag","embeddable":true,"href":"https:\/\/www.egemtv.com\/index.php?rest_route=%2Fwp%2Fv2%2Ftags&post=34234"}],"curies":[{"name":"wp","href":"https:\/\/api.w.org\/{rel}","templated":true}]}}