{"id":34231,"date":"2025-06-11T10:16:03","date_gmt":"2025-06-11T07:16:03","guid":{"rendered":"https:\/\/www.egemtv.com\/?p=34231"},"modified":"2025-06-11T10:16:09","modified_gmt":"2025-06-11T07:16:09","slug":"kaymakam-ates-ogrencilerin-evlerine-misafir-oldu-2","status":"publish","type":"post","link":"https:\/\/www.egemtv.com\/?p=34231","title":{"rendered":"Kaymakam Ate\u015f \u00f6\u011frencilerin evlerine misafir oldu"},"content":{"rendered":"<p>Ayd\u0131n\u2019\u0131n Sultanhisar il\u00e7esinde, \u00f6\u011frencilerin motivasyonunu art\u0131rmak ve e\u011fitim s\u00fcre\u00e7lerine destek vermek amac\u0131yla y\u00fcr\u00fct\u00fclen &#8220;Misafirim Kaymakam\u0131m&#8221; projesi kapsam\u0131nda Kaymakam Ali Ekber Ate\u015f \u00f6\u011frencilerin evlerine konuk olmay\u0131 s\u00fcrd\u00fcr\u00fcyor.<\/p>\n<p>Sultanhisar Kaymakam\u0131 Ali Ekber Ate\u015f, \u0130l\u00e7e Milli E\u011fitim M\u00fcd\u00fcr\u00fc Erdin\u00e7 G\u00fcner ve \u00f6\u011fretmenler e\u015fli\u011finde, At\u00e7a Had\u0131lo\u011flu \u0130brahim Uzun\u0131rmak Ortaokulu 8. s\u0131n\u0131f \u00f6\u011frencisi \u00c7etin \u015een ile Yasemin L\u00fctfiye Anadolu Lisesi 12. s\u0131n\u0131f \u00f6\u011frencisi Beyza G\u00fcrgen\u2019in evlerine misafir oldu. Ziyaret s\u0131ras\u0131nda \u00f6\u011frencilerle yak\u0131ndan ilgilenen Kaymakam Ate\u015f, onlar\u0131n e\u011fitim hedeflerini dinledi ve gelecek planlar\u0131 hakk\u0131nda sohbet ederek, \u00f6\u011frencilerin ders durumlar\u0131 ile deneme s\u0131navlar\u0131ndaki performanslar\u0131 de\u011ferlendirildi. \u00d6\u011frencilerin eksik oldu\u011fu konular\u0131n s\u0131navlara kadar nas\u0131l telafi edilebilece\u011fi konusunda planlamalar yap\u0131ld\u0131.<\/p>\n<p>Ailelere misafirperverliklerinden dolay\u0131 te\u015fekk\u00fcr eden Kaymakam Ate\u015f, \u00f6\u011frencilere yakla\u015fan s\u0131navlar\u0131nda ba\u015far\u0131lar dileyerek her zaman yanlar\u0131nda olduklar\u0131n\u0131 ifade etti.<br \/><\/p>\n","protected":false},"excerpt":{"rendered":"<p>Ayd\u0131n\u2019\u0131n Sultanhisar il\u00e7esinde, \u00f6\u011frencilerin motivasyonunu art\u0131rmak ve e\u011fitim s\u00fcre\u00e7lerine destek vermek amac\u0131yla y\u00fcr\u00fct\u00fclen &#8220;Misafirim Kaymakam\u0131m&#8221; projesi kapsam\u0131nda Kaymakam Ali Ekber Ate\u015f \u00f6\u011frencilerin evlerine konuk olmay\u0131 s\u00fcrd\u00fcr\u00fcyor. Sultanhisar Kaymakam\u0131 Ali Ekber Ate\u015f, \u0130l\u00e7e Milli E\u011fitim M\u00fcd\u00fcr\u00fc Erdin\u00e7 G\u00fcner ve \u00f6\u011fretmenler e\u015fli\u011finde, At\u00e7a Had\u0131lo\u011flu \u0130brahim Uzun\u0131rmak Ortaokulu 8. s\u0131n\u0131f \u00f6\u011frencisi \u00c7etin \u015een ile Yasemin L\u00fctfiye Anadolu Lisesi&#8230;<\/p>\n","protected":false},"author":1,"featured_media":34232,"comment_status":"open","ping_status":"open","sticky":false,"template":"","format":"standard","meta":{"_crdt_document":"","footnotes":""},"categories":[1],"tags":[],"class_list":["post-34231","post","type-post","status-publish","format-standard","has-post-thumbnail","hentry","category-guncel"],"_links":{"self":[{"href":"https:\/\/www.egemtv.com\/index.php?rest_route=\/wp\/v2\/posts\/34231","targetHints":{"allow":["GET"]}}],"collection":[{"href":"https:\/\/www.egemtv.com\/index.php?rest_route=\/wp\/v2\/posts"}],"about":[{"href":"https:\/\/www.egemtv.com\/index.php?rest_route=\/wp\/v2\/types\/post"}],"author":[{"embeddable":true,"href":"https:\/\/www.egemtv.com\/index.php?rest_route=\/wp\/v2\/users\/1"}],"replies":[{"embeddable":true,"href":"https:\/\/www.egemtv.com\/index.php?rest_route=%2Fwp%2Fv2%2Fcomments&post=34231"}],"version-history":[{"count":1,"href":"https:\/\/www.egemtv.com\/index.php?rest_route=\/wp\/v2\/posts\/34231\/revisions"}],"predecessor-version":[{"id":34233,"href":"https:\/\/www.egemtv.com\/index.php?rest_route=\/wp\/v2\/posts\/34231\/revisions\/34233"}],"wp:featuredmedia":[{"embeddable":true,"href":"https:\/\/www.egemtv.com\/index.php?rest_route=\/wp\/v2\/media\/34232"}],"wp:attachment":[{"href":"https:\/\/www.egemtv.com\/index.php?rest_route=%2Fwp%2Fv2%2Fmedia&parent=34231"}],"wp:term":[{"taxonomy":"category","embeddable":true,"href":"https:\/\/www.egemtv.com\/index.php?rest_route=%2Fwp%2Fv2%2Fcategories&post=34231"},{"taxonomy":"post_tag","embeddable":true,"href":"https:\/\/www.egemtv.com\/index.php?rest_route=%2Fwp%2Fv2%2Ftags&post=34231"}],"curies":[{"name":"wp","href":"https:\/\/api.w.org\/{rel}","templated":true}]}}