{"id":34228,"date":"2025-06-11T10:15:59","date_gmt":"2025-06-11T07:15:59","guid":{"rendered":"https:\/\/www.egemtv.com\/?p=34228"},"modified":"2025-06-11T10:16:03","modified_gmt":"2025-06-11T07:16:03","slug":"didimde-tur-otobusune-saldiran-5-supheli-adliyeye-sevk-edildi","status":"publish","type":"post","link":"https:\/\/www.egemtv.com\/?p=34228","title":{"rendered":"Didim\u2019de tur otob\u00fcs\u00fcne sald\u0131ran 5 \u015f\u00fcpheli adliyeye sevk edildi"},"content":{"rendered":"<p>Ayd\u0131n\u2019\u0131n Didim il\u00e7esinde tur otob\u00fcs\u00fcn\u00fcn \u00f6n\u00fcn\u00fc keserek, arac\u0131n camlar\u0131n\u0131 k\u0131rd\u0131\u011f\u0131 iddia edilen 5 \u015f\u00fcpheli, jandarmadaki i\u015flemlerinin ard\u0131ndan adliyeye sevk edildi.<br \/>\n<br \/>Olay, Akb\u00fck Mahallesi 1001 Cadde\u2019de meydana geldi. Edinilen bilgiye g\u00f6re, Akb\u00fck Mahallesi\u2019ndeki be\u015f y\u0131ld\u0131zl\u0131 2 ayr\u0131 otelden turistleri alan tur otob\u00fcs\u00fc seyir halindeyken, yol \u00fczerinde bir ara\u00e7 s\u00fcr\u00fcc\u00fcs\u00fc ile iddiaya g\u00f6re yol verme y\u00fcz\u00fcnden tart\u0131\u015ft\u0131. Otob\u00fcs \u015fof\u00f6r\u00fc ile tart\u0131\u015fan di\u011fer ara\u00e7 s\u00fcr\u00fcc\u00fcs\u00fc, durumu yak\u0131nlar\u0131na bildirdi. Bunun \u00fczerine ara\u00e7 s\u00fcr\u00fcc\u00fcs\u00fcn\u00fcn yak\u0131nlar\u0131 \u00fc\u00e7 ara\u00e7la otob\u00fcs\u00fc durdurarak, \u015fof\u00f6rle konu\u015fmak istedi. \u015eof\u00f6r\u00fcn kap\u0131lar\u0131 kilitlemesinden sonra sinirlenen \u015fah\u0131slar otob\u00fcs\u00fcn yolcu kap\u0131s\u0131n\u0131n cam\u0131n\u0131 k\u0131rarak, \u015fof\u00f6re s\u00f6zl\u00fc sald\u0131r\u0131da bulundu. O anlar ise otob\u00fcsteki bir ki\u015fi taraf\u0131ndan cep telefonuyla kaydedildi. Olay\u0131n ard\u0131ndan jandarma ekipleri 5 \u015f\u00fcpheliyi g\u00f6zalt\u0131na ald\u0131. G\u00f6zalt\u0131na al\u0131nan \u015f\u00fcphelilerin jandarmadaki i\u015flemlerinin ard\u0131ndan adliyeye sevk edildi\u011fi \u00f6\u011frenildi.<br \/><\/p>\n","protected":false},"excerpt":{"rendered":"<p>Ayd\u0131n\u2019\u0131n Didim il\u00e7esinde tur otob\u00fcs\u00fcn\u00fcn \u00f6n\u00fcn\u00fc keserek, arac\u0131n camlar\u0131n\u0131 k\u0131rd\u0131\u011f\u0131 iddia edilen 5 \u015f\u00fcpheli, jandarmadaki i\u015flemlerinin ard\u0131ndan adliyeye sevk edildi. Olay, Akb\u00fck Mahallesi 1001 Cadde\u2019de meydana geldi. Edinilen bilgiye g\u00f6re, Akb\u00fck Mahallesi\u2019ndeki be\u015f y\u0131ld\u0131zl\u0131 2 ayr\u0131 otelden turistleri alan tur otob\u00fcs\u00fc seyir halindeyken, yol \u00fczerinde bir ara\u00e7 s\u00fcr\u00fcc\u00fcs\u00fc ile iddiaya g\u00f6re yol verme y\u00fcz\u00fcnden tart\u0131\u015ft\u0131&#8230;.<\/p>\n","protected":false},"author":1,"featured_media":34229,"comment_status":"open","ping_status":"open","sticky":false,"template":"","format":"standard","meta":{"_crdt_document":"","footnotes":""},"categories":[5],"tags":[],"class_list":["post-34228","post","type-post","status-publish","format-standard","has-post-thumbnail","hentry","category-asayis"],"_links":{"self":[{"href":"https:\/\/www.egemtv.com\/index.php?rest_route=\/wp\/v2\/posts\/34228","targetHints":{"allow":["GET"]}}],"collection":[{"href":"https:\/\/www.egemtv.com\/index.php?rest_route=\/wp\/v2\/posts"}],"about":[{"href":"https:\/\/www.egemtv.com\/index.php?rest_route=\/wp\/v2\/types\/post"}],"author":[{"embeddable":true,"href":"https:\/\/www.egemtv.com\/index.php?rest_route=\/wp\/v2\/users\/1"}],"replies":[{"embeddable":true,"href":"https:\/\/www.egemtv.com\/index.php?rest_route=%2Fwp%2Fv2%2Fcomments&post=34228"}],"version-history":[{"count":1,"href":"https:\/\/www.egemtv.com\/index.php?rest_route=\/wp\/v2\/posts\/34228\/revisions"}],"predecessor-version":[{"id":34230,"href":"https:\/\/www.egemtv.com\/index.php?rest_route=\/wp\/v2\/posts\/34228\/revisions\/34230"}],"wp:featuredmedia":[{"embeddable":true,"href":"https:\/\/www.egemtv.com\/index.php?rest_route=\/wp\/v2\/media\/34229"}],"wp:attachment":[{"href":"https:\/\/www.egemtv.com\/index.php?rest_route=%2Fwp%2Fv2%2Fmedia&parent=34228"}],"wp:term":[{"taxonomy":"category","embeddable":true,"href":"https:\/\/www.egemtv.com\/index.php?rest_route=%2Fwp%2Fv2%2Fcategories&post=34228"},{"taxonomy":"post_tag","embeddable":true,"href":"https:\/\/www.egemtv.com\/index.php?rest_route=%2Fwp%2Fv2%2Ftags&post=34228"}],"curies":[{"name":"wp","href":"https:\/\/api.w.org\/{rel}","templated":true}]}}