{"id":34225,"date":"2025-06-11T09:56:03","date_gmt":"2025-06-11T06:56:03","guid":{"rendered":"https:\/\/www.egemtv.com\/?p=34225"},"modified":"2025-06-11T09:56:09","modified_gmt":"2025-06-11T06:56:09","slug":"muglaspor-yonetimi-olaganustu-genel-kurul-oncesi-toplandi","status":"publish","type":"post","link":"https:\/\/www.egemtv.com\/?p=34225","title":{"rendered":"Mu\u011flaspor y\u00f6netimi, ola\u011fan\u00fcst\u00fc genel kurul \u00f6ncesi topland\u0131"},"content":{"rendered":"<p>Mu\u011flaspor Kul\u00fcb\u00fc Ba\u015fkan\u0131 Menaf K\u0131yan\u00e7 ve y\u00f6netim kurulu \u00fcyeleri, 12 Haziran Per\u015fembe g\u00fcn\u00fc ger\u00e7ekle\u015ftirilecek Ola\u011fan\u00fcst\u00fc Genel Kurul Toplant\u0131s\u0131 \u00f6ncesinde bir araya geldi.<\/p>\n<p>Toplant\u0131da, kul\u00fcb\u00fcn genel durumu, mali tablo, yap\u0131lmas\u0131 planlanan projeler ve genel kurul s\u00fcrecine dair de\u011ferlendirmelerde bulunuldu. Y\u00f6netim kurulu \u00fcyeleriyle fikir al\u0131\u015fveri\u015finde bulunan Ba\u015fkan Menaf K\u0131yan\u00e7, genel kurul \u00f6ncesi s\u00fcreci titizlikle y\u00fcr\u00fctt\u00fcklerini belirtti. Mu\u011flaspor camias\u0131n\u0131n merakla bekledi\u011fi Ola\u011fan\u00fcst\u00fc Genel Kurul Toplant\u0131s\u0131\u2019n\u0131n, kul\u00fcb\u00fcn gelece\u011fi a\u00e7\u0131s\u0131ndan \u00f6nemli kararlar\u0131n al\u0131naca\u011f\u0131 bir s\u00fcre\u00e7 olmas\u0131 bekleniyor. Toplant\u0131n\u0131n ard\u0131ndan y\u00f6netim kurulu, birlik ve beraberlik vurgusu yaparak, Mu\u011flaspor\u2019un ba\u015far\u0131s\u0131 i\u00e7in ortak hedeflerle hareket edeceklerini ifade etti.<br \/><\/p>\n","protected":false},"excerpt":{"rendered":"<p>Mu\u011flaspor Kul\u00fcb\u00fc Ba\u015fkan\u0131 Menaf K\u0131yan\u00e7 ve y\u00f6netim kurulu \u00fcyeleri, 12 Haziran Per\u015fembe g\u00fcn\u00fc ger\u00e7ekle\u015ftirilecek Ola\u011fan\u00fcst\u00fc Genel Kurul Toplant\u0131s\u0131 \u00f6ncesinde bir araya geldi. Toplant\u0131da, kul\u00fcb\u00fcn genel durumu, mali tablo, yap\u0131lmas\u0131 planlanan projeler ve genel kurul s\u00fcrecine dair de\u011ferlendirmelerde bulunuldu. Y\u00f6netim kurulu \u00fcyeleriyle fikir al\u0131\u015fveri\u015finde bulunan Ba\u015fkan Menaf K\u0131yan\u00e7, genel kurul \u00f6ncesi s\u00fcreci titizlikle y\u00fcr\u00fctt\u00fcklerini belirtti. Mu\u011flaspor&#8230;<\/p>\n","protected":false},"author":1,"featured_media":34226,"comment_status":"open","ping_status":"open","sticky":false,"template":"","format":"standard","meta":{"_crdt_document":"","footnotes":""},"categories":[4],"tags":[],"class_list":["post-34225","post","type-post","status-publish","format-standard","has-post-thumbnail","hentry","category-spor"],"_links":{"self":[{"href":"https:\/\/www.egemtv.com\/index.php?rest_route=\/wp\/v2\/posts\/34225","targetHints":{"allow":["GET"]}}],"collection":[{"href":"https:\/\/www.egemtv.com\/index.php?rest_route=\/wp\/v2\/posts"}],"about":[{"href":"https:\/\/www.egemtv.com\/index.php?rest_route=\/wp\/v2\/types\/post"}],"author":[{"embeddable":true,"href":"https:\/\/www.egemtv.com\/index.php?rest_route=\/wp\/v2\/users\/1"}],"replies":[{"embeddable":true,"href":"https:\/\/www.egemtv.com\/index.php?rest_route=%2Fwp%2Fv2%2Fcomments&post=34225"}],"version-history":[{"count":1,"href":"https:\/\/www.egemtv.com\/index.php?rest_route=\/wp\/v2\/posts\/34225\/revisions"}],"predecessor-version":[{"id":34227,"href":"https:\/\/www.egemtv.com\/index.php?rest_route=\/wp\/v2\/posts\/34225\/revisions\/34227"}],"wp:featuredmedia":[{"embeddable":true,"href":"https:\/\/www.egemtv.com\/index.php?rest_route=\/wp\/v2\/media\/34226"}],"wp:attachment":[{"href":"https:\/\/www.egemtv.com\/index.php?rest_route=%2Fwp%2Fv2%2Fmedia&parent=34225"}],"wp:term":[{"taxonomy":"category","embeddable":true,"href":"https:\/\/www.egemtv.com\/index.php?rest_route=%2Fwp%2Fv2%2Fcategories&post=34225"},{"taxonomy":"post_tag","embeddable":true,"href":"https:\/\/www.egemtv.com\/index.php?rest_route=%2Fwp%2Fv2%2Ftags&post=34225"}],"curies":[{"name":"wp","href":"https:\/\/api.w.org\/{rel}","templated":true}]}}