{"id":34093,"date":"2025-06-10T13:56:05","date_gmt":"2025-06-10T10:56:05","guid":{"rendered":"https:\/\/www.egemtv.com\/?p=34093"},"modified":"2025-06-10T13:56:10","modified_gmt":"2025-06-10T10:56:10","slug":"ulada-yol-kenarinda-cikan-yangin-korkuttu","status":"publish","type":"post","link":"https:\/\/www.egemtv.com\/?p=34093","title":{"rendered":"Ula\u2019da yol kenar\u0131nda \u00e7\u0131kan yang\u0131n korkuttu"},"content":{"rendered":"<p>Mu\u011fla\u2019n\u0131n Ula il\u00e7esine ba\u011fl\u0131 \u00c7\u0131tl\u0131k Mahallesi\u2019nde yol kenar\u0131nda \u00e7\u0131kan yang\u0131n, ekiplerin h\u0131zl\u0131 m\u00fcdahalesiyle b\u00fcy\u00fcmeden s\u00f6nd\u00fcr\u00fcld\u00fc.<\/p>\n<p>Edinilen bilgilere g\u00f6re, \u00c7\u0131tl\u0131k Mahallesi\u2019nde yol kenar\u0131ndaki otluk alanda hen\u00fcz bilinmeyen bir nedenle yang\u0131n \u00e7\u0131kt\u0131. Alevleri fark eden vatanda\u015flar, durumu hemen 112 Acil \u00c7a\u011fr\u0131 Merkezi\u2019ne bildirdi. \u0130hbar \u00fczerine b\u00f6lgeye Mu\u011fla Orman B\u00f6lge M\u00fcd\u00fcrl\u00fc\u011f\u00fc\u2019ne ba\u011fl\u0131 yang\u0131n s\u00f6nd\u00fcrme ekipleri ile Mu\u011fla B\u00fcy\u00fck\u015fehir Belediyesi \u0130tfaiye Daire Ba\u015fkanl\u0131\u011f\u0131\u2019na ba\u011fl\u0131 ekipler sevk edildi. Yang\u0131n, ekiplerin zaman\u0131nda ve koordineli m\u00fcdahalesiyle k\u0131sa s\u00fcrede kontrol alt\u0131na al\u0131narak s\u00f6nd\u00fcr\u00fcld\u00fc.<\/p>\n<p>Yang\u0131n\u0131n \u00e7\u0131k\u0131\u015f nedeni ile ilgili inceleme ba\u015flat\u0131ld\u0131\u011f\u0131 bildirildi.<br \/><\/p>\n","protected":false},"excerpt":{"rendered":"<p>Mu\u011fla\u2019n\u0131n Ula il\u00e7esine ba\u011fl\u0131 \u00c7\u0131tl\u0131k Mahallesi\u2019nde yol kenar\u0131nda \u00e7\u0131kan yang\u0131n, ekiplerin h\u0131zl\u0131 m\u00fcdahalesiyle b\u00fcy\u00fcmeden s\u00f6nd\u00fcr\u00fcld\u00fc. Edinilen bilgilere g\u00f6re, \u00c7\u0131tl\u0131k Mahallesi\u2019nde yol kenar\u0131ndaki otluk alanda hen\u00fcz bilinmeyen bir nedenle yang\u0131n \u00e7\u0131kt\u0131. Alevleri fark eden vatanda\u015flar, durumu hemen 112 Acil \u00c7a\u011fr\u0131 Merkezi\u2019ne bildirdi. \u0130hbar \u00fczerine b\u00f6lgeye Mu\u011fla Orman B\u00f6lge M\u00fcd\u00fcrl\u00fc\u011f\u00fc\u2019ne ba\u011fl\u0131 yang\u0131n s\u00f6nd\u00fcrme ekipleri ile Mu\u011fla B\u00fcy\u00fck\u015fehir&#8230;<\/p>\n","protected":false},"author":1,"featured_media":34094,"comment_status":"open","ping_status":"open","sticky":false,"template":"","format":"standard","meta":{"_crdt_document":"","footnotes":""},"categories":[5],"tags":[],"class_list":["post-34093","post","type-post","status-publish","format-standard","has-post-thumbnail","hentry","category-asayis"],"_links":{"self":[{"href":"https:\/\/www.egemtv.com\/index.php?rest_route=\/wp\/v2\/posts\/34093","targetHints":{"allow":["GET"]}}],"collection":[{"href":"https:\/\/www.egemtv.com\/index.php?rest_route=\/wp\/v2\/posts"}],"about":[{"href":"https:\/\/www.egemtv.com\/index.php?rest_route=\/wp\/v2\/types\/post"}],"author":[{"embeddable":true,"href":"https:\/\/www.egemtv.com\/index.php?rest_route=\/wp\/v2\/users\/1"}],"replies":[{"embeddable":true,"href":"https:\/\/www.egemtv.com\/index.php?rest_route=%2Fwp%2Fv2%2Fcomments&post=34093"}],"version-history":[{"count":1,"href":"https:\/\/www.egemtv.com\/index.php?rest_route=\/wp\/v2\/posts\/34093\/revisions"}],"predecessor-version":[{"id":34095,"href":"https:\/\/www.egemtv.com\/index.php?rest_route=\/wp\/v2\/posts\/34093\/revisions\/34095"}],"wp:featuredmedia":[{"embeddable":true,"href":"https:\/\/www.egemtv.com\/index.php?rest_route=\/wp\/v2\/media\/34094"}],"wp:attachment":[{"href":"https:\/\/www.egemtv.com\/index.php?rest_route=%2Fwp%2Fv2%2Fmedia&parent=34093"}],"wp:term":[{"taxonomy":"category","embeddable":true,"href":"https:\/\/www.egemtv.com\/index.php?rest_route=%2Fwp%2Fv2%2Fcategories&post=34093"},{"taxonomy":"post_tag","embeddable":true,"href":"https:\/\/www.egemtv.com\/index.php?rest_route=%2Fwp%2Fv2%2Ftags&post=34093"}],"curies":[{"name":"wp","href":"https:\/\/api.w.org\/{rel}","templated":true}]}}