{"id":34087,"date":"2025-06-10T13:16:52","date_gmt":"2025-06-10T10:16:52","guid":{"rendered":"https:\/\/www.egemtv.com\/?p=34087"},"modified":"2025-06-10T13:16:55","modified_gmt":"2025-06-10T10:16:55","slug":"ramazan-artun-anisina-duzenlenen-turnuvada-soluganlar-sampiyon-oldu","status":"publish","type":"post","link":"https:\/\/www.egemtv.com\/?p=34087","title":{"rendered":"Ramazan Artun an\u0131s\u0131na d\u00fczenlenen turnuvada &#8220;Soluganlar&#8221; \u015fampiyon oldu"},"content":{"rendered":"<p>K\u00fctahya\u2019n\u0131n Tav\u015fanl\u0131 il\u00e7esinde ba\u011fl\u0131 Bal\u0131k\u00f6y\u2019de, ge\u00e7ti\u011fimiz Ramazan ay\u0131n\u0131n ilk g\u00fcn\u00fc elim bir trafik kazas\u0131nda hayat\u0131n\u0131 kaybeden Ramazan Artun an\u0131s\u0131na d\u00fczenlenen futbol turnuvas\u0131 sona erdi.<br \/>\n<br \/>16 tak\u0131m\u0131n m\u00fccadele etti\u011fi ve b\u00fcy\u00fck \u00e7eki\u015fmeye sahne olan turnuvan\u0131n finalinde &#8220;Soluganlar&#8221; \u015fampiyonluk ipini g\u00f6\u011f\u00fcslerken, ikincili\u011fi &#8220;Benahspor&#8221; elde etti. Final ma\u00e7\u0131nda Benahspor, ilk yar\u0131da 3-1 \u00f6ne ge\u00e7mesine ra\u011fmen, &#8220;Soluganlar&#8221;\u0131n etkili geri d\u00f6n\u00fc\u015f\u00fcne engel olamad\u0131 ve sahadan 5-3 ma\u011flup ayr\u0131larak \u015fampiyonlu\u011fu rakibine kapt\u0131rd\u0131. Turnuvada duygusal anlar da ya\u015fand\u0131; Rahmetli Ramazan Artun\u2019un o\u011flu Erdem Artun da Benahspor formas\u0131yla sahaya \u00e7\u0131karak babas\u0131n\u0131n an\u0131s\u0131n\u0131 ya\u015fatt\u0131.<br \/>\n<br \/>K\u00fctahya TFF hakemlerinin g\u00f6rev ald\u0131\u011f\u0131 ve 3 g\u00fcn s\u00fcren turnuvan\u0131n organizasyonunu Osman Artun \u00fcstlendi. Turnuva sonunda kupalar, d\u00fczenlenen t\u00f6renle sahiplerini buldu. Ramazan Artun an\u0131s\u0131na d\u00fczenlenen bu anlaml\u0131 turnuva, sporun birle\u015ftirici g\u00fcc\u00fcn\u00fc ve vefan\u0131n \u00f6nemini bir kez daha ortaya koydu.<br \/><\/p>\n","protected":false},"excerpt":{"rendered":"<p>K\u00fctahya\u2019n\u0131n Tav\u015fanl\u0131 il\u00e7esinde ba\u011fl\u0131 Bal\u0131k\u00f6y\u2019de, ge\u00e7ti\u011fimiz Ramazan ay\u0131n\u0131n ilk g\u00fcn\u00fc elim bir trafik kazas\u0131nda hayat\u0131n\u0131 kaybeden Ramazan Artun an\u0131s\u0131na d\u00fczenlenen futbol turnuvas\u0131 sona erdi. 16 tak\u0131m\u0131n m\u00fccadele etti\u011fi ve b\u00fcy\u00fck \u00e7eki\u015fmeye sahne olan turnuvan\u0131n finalinde &#8220;Soluganlar&#8221; \u015fampiyonluk ipini g\u00f6\u011f\u00fcslerken, ikincili\u011fi &#8220;Benahspor&#8221; elde etti. Final ma\u00e7\u0131nda Benahspor, ilk yar\u0131da 3-1 \u00f6ne ge\u00e7mesine ra\u011fmen, &#8220;Soluganlar&#8221;\u0131n etkili geri&#8230;<\/p>\n","protected":false},"author":1,"featured_media":34088,"comment_status":"open","ping_status":"open","sticky":false,"template":"","format":"standard","meta":{"_crdt_document":"","footnotes":""},"categories":[4],"tags":[],"class_list":["post-34087","post","type-post","status-publish","format-standard","has-post-thumbnail","hentry","category-spor"],"_links":{"self":[{"href":"https:\/\/www.egemtv.com\/index.php?rest_route=\/wp\/v2\/posts\/34087","targetHints":{"allow":["GET"]}}],"collection":[{"href":"https:\/\/www.egemtv.com\/index.php?rest_route=\/wp\/v2\/posts"}],"about":[{"href":"https:\/\/www.egemtv.com\/index.php?rest_route=\/wp\/v2\/types\/post"}],"author":[{"embeddable":true,"href":"https:\/\/www.egemtv.com\/index.php?rest_route=\/wp\/v2\/users\/1"}],"replies":[{"embeddable":true,"href":"https:\/\/www.egemtv.com\/index.php?rest_route=%2Fwp%2Fv2%2Fcomments&post=34087"}],"version-history":[{"count":1,"href":"https:\/\/www.egemtv.com\/index.php?rest_route=\/wp\/v2\/posts\/34087\/revisions"}],"predecessor-version":[{"id":34089,"href":"https:\/\/www.egemtv.com\/index.php?rest_route=\/wp\/v2\/posts\/34087\/revisions\/34089"}],"wp:featuredmedia":[{"embeddable":true,"href":"https:\/\/www.egemtv.com\/index.php?rest_route=\/wp\/v2\/media\/34088"}],"wp:attachment":[{"href":"https:\/\/www.egemtv.com\/index.php?rest_route=%2Fwp%2Fv2%2Fmedia&parent=34087"}],"wp:term":[{"taxonomy":"category","embeddable":true,"href":"https:\/\/www.egemtv.com\/index.php?rest_route=%2Fwp%2Fv2%2Fcategories&post=34087"},{"taxonomy":"post_tag","embeddable":true,"href":"https:\/\/www.egemtv.com\/index.php?rest_route=%2Fwp%2Fv2%2Ftags&post=34087"}],"curies":[{"name":"wp","href":"https:\/\/api.w.org\/{rel}","templated":true}]}}