{"id":34084,"date":"2025-06-10T13:16:45","date_gmt":"2025-06-10T10:16:45","guid":{"rendered":"https:\/\/www.egemtv.com\/?p=34084"},"modified":"2025-06-10T13:16:51","modified_gmt":"2025-06-10T10:16:51","slug":"hisarcik-aihlde-lgs-son-viraj-akademik-kampi-basladi","status":"publish","type":"post","link":"https:\/\/www.egemtv.com\/?p=34084","title":{"rendered":"Hisarc\u0131k A\u0130HL\u2019de LGS &#8220;Son Viraj&#8221; Akademik Kamp\u0131 ba\u015flad\u0131"},"content":{"rendered":"<p>Hisarc\u0131k Anadolu \u0130mam Hatip Lisesinde (A\u0130HL) LGS\u2019ye girecek 8. S\u0131n\u0131f \u00f6\u011frencilerinin &#8220;Son Viraj&#8221; isimli Akademik Kamp \u00e7al\u0131\u015fmas\u0131n\u0131n ba\u015flad\u0131\u011f\u0131 bildirildi.<br \/>\n<br \/>&#8220;Maarif Hisarc\u0131k&#8221; projesi, &#8220;Ad\u0131m Ad\u0131m Zirveye Eylem Plan\u0131&#8221; \u00e7er\u00e7evesinde LGS ye girecek 14 \u00f6\u011frenci 3 g\u00fcn s\u00fcrecek &#8220;Son Viraj&#8221; isimli Akademik Kamp \u00e7al\u0131\u015fmas\u0131na Fen Bilimleri \u00f6\u011fretmeni Ercan De\u011firmenci ve Din K\u00fclt\u00fcr\u00fc ve Ahlak Bilgisi \u00d6\u011fretmeni \u0130brahim K\u0131rk\u0131l e\u015fli\u011finde ba\u015flad\u0131.<br \/>\n<br \/>Akademik kamplar\u0131n \u00f6\u011frencilerin akademik ba\u015far\u0131s\u0131na olumlu etki sunmas\u0131 a\u00e7\u0131s\u0131ndan \u00f6nem arz etti\u011fini ve d\u00fczenli olarak yap\u0131lmas\u0131n\u0131n hedefe ula\u015f\u0131lma imkan\u0131n\u0131 art\u0131rd\u0131\u011f\u0131n\u0131 s\u00f6yleyen Okul M\u00fcd\u00fcr\u00fc \u0130smail Ayd\u0131n,&#8221; Sal\u0131, \u00c7ar\u015famba ve Per\u015fembe g\u00fcn\u00fc olmak \u00fczere 3 g\u00fcn s\u00fcrecek Akademik Kamp s\u00fcresince test \u00e7\u00f6z\u00fcmleri ger\u00e7ekle\u015ftirilecek, kamp\u0131n sonunda ise yemek etkinli\u011fi d\u00fczenlenecek. \u00d6\u011frenciler d\u00fczenledi\u011fimiz Akademik Kamp sayesinde 15 Haziran\u2019da ki LGS s\u0131nav\u0131na daha haz\u0131r olacaklar&#8221; dedi.<br \/><\/p>\n","protected":false},"excerpt":{"rendered":"<p>Hisarc\u0131k Anadolu \u0130mam Hatip Lisesinde (A\u0130HL) LGS\u2019ye girecek 8. S\u0131n\u0131f \u00f6\u011frencilerinin &#8220;Son Viraj&#8221; isimli Akademik Kamp \u00e7al\u0131\u015fmas\u0131n\u0131n ba\u015flad\u0131\u011f\u0131 bildirildi. &#8220;Maarif Hisarc\u0131k&#8221; projesi, &#8220;Ad\u0131m Ad\u0131m Zirveye Eylem Plan\u0131&#8221; \u00e7er\u00e7evesinde LGS ye girecek 14 \u00f6\u011frenci 3 g\u00fcn s\u00fcrecek &#8220;Son Viraj&#8221; isimli Akademik Kamp \u00e7al\u0131\u015fmas\u0131na Fen Bilimleri \u00f6\u011fretmeni Ercan De\u011firmenci ve Din K\u00fclt\u00fcr\u00fc ve Ahlak Bilgisi \u00d6\u011fretmeni \u0130brahim&#8230;<\/p>\n","protected":false},"author":1,"featured_media":34085,"comment_status":"open","ping_status":"open","sticky":false,"template":"","format":"standard","meta":{"_crdt_document":"","footnotes":""},"categories":[1],"tags":[],"class_list":["post-34084","post","type-post","status-publish","format-standard","has-post-thumbnail","hentry","category-guncel"],"_links":{"self":[{"href":"https:\/\/www.egemtv.com\/index.php?rest_route=\/wp\/v2\/posts\/34084","targetHints":{"allow":["GET"]}}],"collection":[{"href":"https:\/\/www.egemtv.com\/index.php?rest_route=\/wp\/v2\/posts"}],"about":[{"href":"https:\/\/www.egemtv.com\/index.php?rest_route=\/wp\/v2\/types\/post"}],"author":[{"embeddable":true,"href":"https:\/\/www.egemtv.com\/index.php?rest_route=\/wp\/v2\/users\/1"}],"replies":[{"embeddable":true,"href":"https:\/\/www.egemtv.com\/index.php?rest_route=%2Fwp%2Fv2%2Fcomments&post=34084"}],"version-history":[{"count":1,"href":"https:\/\/www.egemtv.com\/index.php?rest_route=\/wp\/v2\/posts\/34084\/revisions"}],"predecessor-version":[{"id":34086,"href":"https:\/\/www.egemtv.com\/index.php?rest_route=\/wp\/v2\/posts\/34084\/revisions\/34086"}],"wp:featuredmedia":[{"embeddable":true,"href":"https:\/\/www.egemtv.com\/index.php?rest_route=\/wp\/v2\/media\/34085"}],"wp:attachment":[{"href":"https:\/\/www.egemtv.com\/index.php?rest_route=%2Fwp%2Fv2%2Fmedia&parent=34084"}],"wp:term":[{"taxonomy":"category","embeddable":true,"href":"https:\/\/www.egemtv.com\/index.php?rest_route=%2Fwp%2Fv2%2Fcategories&post=34084"},{"taxonomy":"post_tag","embeddable":true,"href":"https:\/\/www.egemtv.com\/index.php?rest_route=%2Fwp%2Fv2%2Ftags&post=34084"}],"curies":[{"name":"wp","href":"https:\/\/api.w.org\/{rel}","templated":true}]}}