{"id":34069,"date":"2025-06-10T13:16:19","date_gmt":"2025-06-10T10:16:19","guid":{"rendered":"https:\/\/www.egemtv.com\/?p=34069"},"modified":"2025-06-10T13:16:23","modified_gmt":"2025-06-10T10:16:23","slug":"hasan-ozcan-yasam-evinde-calismalar-devam-ediyor","status":"publish","type":"post","link":"https:\/\/www.egemtv.com\/?p=34069","title":{"rendered":"Hasan \u00d6zcan Ya\u015fam Evi\u2019nde \u00e7al\u0131\u015fmalar devam ediyor"},"content":{"rendered":"<p>Mu\u011fla B\u00fcy\u00fck\u015fehir Belediyesi, ya\u015fl\u0131 bireylerin g\u00fcvenli, konforlu ve sosyal bir ortamda ya\u015famlar\u0131n\u0131 s\u00fcrd\u00fcrebilmeleri amac\u0131yla projelerini s\u00fcrd\u00fcr\u00fcyor. Bu kapsamda, Mu\u011fla B\u00fcy\u00fck\u015fehir Belediyesi ile \u00d6zcanlar ailesinin \u015firketi aras\u0131nda imzalanan ba\u011f\u0131\u015f protokol\u00fc do\u011frultusunda hayata ge\u00e7irilen Hasan \u00d6zcan Ya\u015fam Evi projesinde \u00e7al\u0131\u015fmalar t\u00fcm h\u0131z\u0131yla devam ediyor.<br \/>\n<br \/>M\u00fclkiyeti B\u00fcy\u00fck\u015fehir Belediyesi\u2019ne ait 2 bin 375 metrekarelik parsel \u00fczerine in\u015fa edilen yap\u0131, toplam 4 bin 500 metrekare kapal\u0131 in\u015faat alan\u0131na sahip olacak. 50 oda ve 100 ki\u015fi kapasiteli olarak planlanan ya\u015fam evi, b\u00f6lgedeki \u00f6nemli bir sosyal hizmet ihtiyac\u0131n\u0131 kar\u015f\u0131lamay\u0131 hedefliyor.<br \/>\n<br \/>Mu\u011fla B\u00fcy\u00fck\u015fehir Belediyesi, Fen \u0130\u015fleri Dairesi Ba\u015fkanl\u0131\u011f\u0131\u2019nda g\u00f6revli Makine M\u00fchendisi Ali G\u00f6ka yap\u0131 hakk\u0131nda bilgi vererek: &#8220;Yap\u0131 i\u00e7erisinde ya\u015fam alanlar\u0131, resim at\u00f6lyesi, konferans salonu, sa\u011fl\u0131k odalar\u0131 ile end\u00fcstriyel mutfa\u011f\u0131, \u00e7ama\u015f\u0131r odas\u0131, merkezi \u0131s\u0131tma ve so\u011futma sistemi, 1600 kg sedye asans\u00f6r\u00fc, 400 kW jenerat\u00f6r\u00fc, hem\u015fire \u00e7a\u011fr\u0131 sistemi bulunuyor. Ayr\u0131ca su tasarrufu amac\u0131yla peyzaj sulama sisteminde kullan\u0131lmak \u00fczere 50 m3 betonarme ya\u011fmursuyu toplama depomuz bulunuyor. B\u00fcy\u00fck\u015fehir Belediye Ba\u015fkan\u0131m\u0131z Say\u0131n Ahmet Aras\u2019\u0131n ya\u015fl\u0131lar\u0131m\u0131za verdi\u011fi \u00f6nem do\u011frultusunda \u00e7al\u0131\u015fmalar\u0131m\u0131z devam etmektedir&#8221; ifadelerini kulland\u0131.<br \/>\n<br \/>Ba\u015fkan Aras: &#8220;Ya\u015fl\u0131lar\u0131m\u0131z, bu kentin haf\u0131zas\u0131, ge\u00e7mi\u015fi ve en k\u0131ymetli de\u011ferleridir&#8221;<br \/>\n<br \/>K\u0131y\u0131 Ege Belediyeler Birli\u011fi ve Mu\u011fla B\u00fcy\u00fck\u015fehir Belediye Ba\u015fkan\u0131 Ahmet Aras, &#8220;Ya\u015fl\u0131lar\u0131m\u0131z, bu kentin haf\u0131zas\u0131, ge\u00e7mi\u015fi ve en k\u0131ymetli de\u011ferleridir. Bu anlay\u0131\u015f\u0131n en somut \u00f6rneklerinden biri olan Hasan \u00d6zcan Ya\u015fam Evi, ya\u015fl\u0131 bireylerin hem fiziksel hem de sosyal ihtiya\u00e7lar\u0131n\u0131 kar\u015f\u0131lamak \u00fczere tasarland\u0131. Hasan \u00d6zcan Ya\u015fam Evi projemiz, i\u00e7inde sevgi, sayg\u0131 ve vefa duygusuyla \u00f6r\u00fclm\u00fc\u015f bir ya\u015fam alan\u0131d\u0131r. Bizler, ge\u00e7mi\u015fimize sahip \u00e7\u0131kmadan gelece\u011fi in\u015fa edemeyece\u011fimizi \u00e7ok iyi biliyoruz. Ya\u015fl\u0131 vatanda\u015flar\u0131m\u0131z\u0131n ya\u015fam kalitesini y\u00fckseltmeye y\u00f6nelik projeler \u00fcretmeye devam edece\u011fiz&#8221; dedi.<br \/><\/p>\n","protected":false},"excerpt":{"rendered":"<p>Mu\u011fla B\u00fcy\u00fck\u015fehir Belediyesi, ya\u015fl\u0131 bireylerin g\u00fcvenli, konforlu ve sosyal bir ortamda ya\u015famlar\u0131n\u0131 s\u00fcrd\u00fcrebilmeleri amac\u0131yla projelerini s\u00fcrd\u00fcr\u00fcyor. Bu kapsamda, Mu\u011fla B\u00fcy\u00fck\u015fehir Belediyesi ile \u00d6zcanlar ailesinin \u015firketi aras\u0131nda imzalanan ba\u011f\u0131\u015f protokol\u00fc do\u011frultusunda hayata ge\u00e7irilen Hasan \u00d6zcan Ya\u015fam Evi projesinde \u00e7al\u0131\u015fmalar t\u00fcm h\u0131z\u0131yla devam ediyor. M\u00fclkiyeti B\u00fcy\u00fck\u015fehir Belediyesi\u2019ne ait 2 bin 375 metrekarelik parsel \u00fczerine in\u015fa edilen yap\u0131,&#8230;<\/p>\n","protected":false},"author":1,"featured_media":34070,"comment_status":"open","ping_status":"open","sticky":false,"template":"","format":"standard","meta":{"_crdt_document":"","footnotes":""},"categories":[123],"tags":[],"class_list":["post-34069","post","type-post","status-publish","format-standard","has-post-thumbnail","hentry","category-gundem"],"_links":{"self":[{"href":"https:\/\/www.egemtv.com\/index.php?rest_route=\/wp\/v2\/posts\/34069","targetHints":{"allow":["GET"]}}],"collection":[{"href":"https:\/\/www.egemtv.com\/index.php?rest_route=\/wp\/v2\/posts"}],"about":[{"href":"https:\/\/www.egemtv.com\/index.php?rest_route=\/wp\/v2\/types\/post"}],"author":[{"embeddable":true,"href":"https:\/\/www.egemtv.com\/index.php?rest_route=\/wp\/v2\/users\/1"}],"replies":[{"embeddable":true,"href":"https:\/\/www.egemtv.com\/index.php?rest_route=%2Fwp%2Fv2%2Fcomments&post=34069"}],"version-history":[{"count":1,"href":"https:\/\/www.egemtv.com\/index.php?rest_route=\/wp\/v2\/posts\/34069\/revisions"}],"predecessor-version":[{"id":34071,"href":"https:\/\/www.egemtv.com\/index.php?rest_route=\/wp\/v2\/posts\/34069\/revisions\/34071"}],"wp:featuredmedia":[{"embeddable":true,"href":"https:\/\/www.egemtv.com\/index.php?rest_route=\/wp\/v2\/media\/34070"}],"wp:attachment":[{"href":"https:\/\/www.egemtv.com\/index.php?rest_route=%2Fwp%2Fv2%2Fmedia&parent=34069"}],"wp:term":[{"taxonomy":"category","embeddable":true,"href":"https:\/\/www.egemtv.com\/index.php?rest_route=%2Fwp%2Fv2%2Fcategories&post=34069"},{"taxonomy":"post_tag","embeddable":true,"href":"https:\/\/www.egemtv.com\/index.php?rest_route=%2Fwp%2Fv2%2Ftags&post=34069"}],"curies":[{"name":"wp","href":"https:\/\/api.w.org\/{rel}","templated":true}]}}