{"id":34063,"date":"2025-06-10T12:37:00","date_gmt":"2025-06-10T09:37:00","guid":{"rendered":"https:\/\/www.egemtv.com\/?p=34063"},"modified":"2025-06-10T12:37:05","modified_gmt":"2025-06-10T09:37:05","slug":"tarihi-kemeralti-carsisi-girisindeki-dev-cinar-devrildi","status":"publish","type":"post","link":"https:\/\/www.egemtv.com\/?p=34063","title":{"rendered":"Tarihi Kemeralt\u0131 \u00c7ar\u015f\u0131s\u0131 giri\u015findeki dev \u00e7\u0131nar devrildi"},"content":{"rendered":"<p>\u0130zmir Konak Meydan\u0131\u2019nda tarihi Kemeralt\u0131 \u00c7ar\u015f\u0131s\u0131 giri\u015finde bulunan as\u0131rl\u0131k \u00e7\u0131nar a\u011fac\u0131 g\u00f6vdesinden k\u0131r\u0131larak devrildi. Her g\u00fcn on binlerce vatanda\u015f\u0131n ziyaret etti\u011fi \u00e7ar\u015f\u0131n\u0131n giri\u015finde meydana gelen olay\u0131n sabah erken saatlerde ya\u015fanmas\u0131 sebebiyle muhtemel bir felaket ucuz atlat\u0131ld\u0131.<br \/>\n<br \/>Olay sabah saat 09.15 s\u0131ralar\u0131nda meydan geldi. Tarihi Kemeralt\u0131 \u00c7ar\u015f\u0131s\u0131\u2019n\u0131n giri\u015finde bulunan as\u0131rl\u0131k \u00e7\u0131nar a\u011fac\u0131 g\u00f6vdesinden k\u0131r\u0131larak devrildi. \u00c7evrede bulunan yayalar ve kafede oturan vatanda\u015flar panikle b\u00f6lgeden uzakla\u015ft\u0131. Her g\u00fcn on binlerce vatanda\u015f\u0131n ziyaret etti\u011fi \u00e7ar\u015f\u0131n\u0131n giri\u015finde meydana gelen olay\u0131n sabah erken saatlerde ya\u015fanmas\u0131 sebebiyle muhtemel bir felaket ucuz atlat\u0131ld\u0131. Olayda herhangi bir yaralanma veya \u00e7evrede hasar ya\u015fanmad\u0131. \u0130zmir B\u00fcy\u00fck\u015fehir Belediyesi Park ve Bah\u00e7eler M\u00fcd\u00fcrl\u00fc\u011f\u00fc ekipleri a\u011fac\u0131n kald\u0131r\u0131lmas\u0131 i\u00e7in b\u00f6lgede \u00e7al\u0131\u015fma ba\u015flatt\u0131.<\/p>\n<p>&#8220;T\u00fcrk filmlerinin simgesiydi&#8221;<br \/>\n<br \/>\u00c7\u0131nar a\u011fac\u0131n\u0131n devrildi\u011fini g\u00f6ren esnaf Ali Demirdelen, &#8220;A\u011fa\u00e7 tarihi bir a\u011fa\u00e7t\u0131, eski T\u00fcrk filmlerinde g\u00f6r\u00fclebilir. Saat Kulesi, cami, valilik binas\u0131 ve bu a\u011fa\u00e7. G\u00f6vdesinde \u00e7\u00fcr\u00fcme ba\u015flam\u0131\u015ft\u0131 ve maalesef yeterli bak\u0131m yap\u0131lm\u0131yordu. \u2019\u00c7at\u0131r\u2019 diye bir ses geldi, d\u00f6nd\u00fck bakt\u0131k ki a\u011fa\u00e7 yere d\u00fc\u015fm\u00fc\u015f. Olay sabah de\u011fil de \u00f6\u011fleye do\u011fru ya\u015fansayd\u0131 en az 8-10 ki\u015fi a\u011fa\u00e7 alt\u0131nda kalabilirdi. \u00c7ok \u015f\u00fck\u00fcr bir yaralanma olmad\u0131&#8221; dedi.<\/p>\n<p>&#8220;G\u00f6lgemiz gitti&#8221;<br \/>\n<br \/>\u00c7\u0131nar a\u011fac\u0131n\u0131n Konak Meydan\u0131\u2019n\u0131n bir g\u00f6lgesi ve simgesi oldu\u011funu s\u00f6yleyen esnaf Emrah Mansur ise, &#8220;Halk\u0131n, gelen turistlerin g\u00fcne\u015ften korunmak i\u00e7in alt\u0131na s\u0131\u011f\u0131nd\u0131\u011f\u0131 bir a\u011fa\u00e7t\u0131. G\u00f6lgemiz gitti \u00fcz\u00fcld\u00fck. A\u011fa\u00e7 b\u00fcy\u00fck bir pat\u0131rt\u0131yla y\u0131k\u0131ld\u0131. G\u00fcr\u00fclt\u00fcy\u00fc duyunca bina y\u0131k\u0131l\u0131yor sand\u0131k bir anda ka\u00e7\u0131\u015fmaya ba\u015flad\u0131k. A\u011fac\u0131n alt\u0131na bakt\u0131k, sa\u011f olsun polis arkada\u015flar da yard\u0131mc\u0131 oldu. \u00c7ok \u015f\u00fck\u00fcr alt\u0131nda kimse yoktu. G\u00f6lgemizin gidi\u015fine \u00fcz\u00fcld\u00fck. Ke\u015fke y\u0131k\u0131lmasayd\u0131, ke\u015fke daha \u00f6nce \u00f6nlem al\u0131nsayd\u0131. Buran\u0131n hem g\u00f6lgesi hem de simgesiydi. Ke\u015fke olmasayd\u0131 ama art\u0131k yapacak bir \u015fey yok&#8221; ifadelerini kulland\u0131.<br \/><\/p>\n","protected":false},"excerpt":{"rendered":"<p>\u0130zmir Konak Meydan\u0131\u2019nda tarihi Kemeralt\u0131 \u00c7ar\u015f\u0131s\u0131 giri\u015finde bulunan as\u0131rl\u0131k \u00e7\u0131nar a\u011fac\u0131 g\u00f6vdesinden k\u0131r\u0131larak devrildi. Her g\u00fcn on binlerce vatanda\u015f\u0131n ziyaret etti\u011fi \u00e7ar\u015f\u0131n\u0131n giri\u015finde meydana gelen olay\u0131n sabah erken saatlerde ya\u015fanmas\u0131 sebebiyle muhtemel bir felaket ucuz atlat\u0131ld\u0131. Olay sabah saat 09.15 s\u0131ralar\u0131nda meydan geldi. Tarihi Kemeralt\u0131 \u00c7ar\u015f\u0131s\u0131\u2019n\u0131n giri\u015finde bulunan as\u0131rl\u0131k \u00e7\u0131nar a\u011fac\u0131 g\u00f6vdesinden k\u0131r\u0131larak devrildi. \u00c7evrede&#8230;<\/p>\n","protected":false},"author":1,"featured_media":34064,"comment_status":"open","ping_status":"open","sticky":false,"template":"","format":"standard","meta":{"_crdt_document":"","footnotes":""},"categories":[5],"tags":[],"class_list":["post-34063","post","type-post","status-publish","format-standard","has-post-thumbnail","hentry","category-asayis"],"_links":{"self":[{"href":"https:\/\/www.egemtv.com\/index.php?rest_route=\/wp\/v2\/posts\/34063","targetHints":{"allow":["GET"]}}],"collection":[{"href":"https:\/\/www.egemtv.com\/index.php?rest_route=\/wp\/v2\/posts"}],"about":[{"href":"https:\/\/www.egemtv.com\/index.php?rest_route=\/wp\/v2\/types\/post"}],"author":[{"embeddable":true,"href":"https:\/\/www.egemtv.com\/index.php?rest_route=\/wp\/v2\/users\/1"}],"replies":[{"embeddable":true,"href":"https:\/\/www.egemtv.com\/index.php?rest_route=%2Fwp%2Fv2%2Fcomments&post=34063"}],"version-history":[{"count":1,"href":"https:\/\/www.egemtv.com\/index.php?rest_route=\/wp\/v2\/posts\/34063\/revisions"}],"predecessor-version":[{"id":34065,"href":"https:\/\/www.egemtv.com\/index.php?rest_route=\/wp\/v2\/posts\/34063\/revisions\/34065"}],"wp:featuredmedia":[{"embeddable":true,"href":"https:\/\/www.egemtv.com\/index.php?rest_route=\/wp\/v2\/media\/34064"}],"wp:attachment":[{"href":"https:\/\/www.egemtv.com\/index.php?rest_route=%2Fwp%2Fv2%2Fmedia&parent=34063"}],"wp:term":[{"taxonomy":"category","embeddable":true,"href":"https:\/\/www.egemtv.com\/index.php?rest_route=%2Fwp%2Fv2%2Fcategories&post=34063"},{"taxonomy":"post_tag","embeddable":true,"href":"https:\/\/www.egemtv.com\/index.php?rest_route=%2Fwp%2Fv2%2Ftags&post=34063"}],"curies":[{"name":"wp","href":"https:\/\/api.w.org\/{rel}","templated":true}]}}