{"id":34060,"date":"2025-06-10T12:36:56","date_gmt":"2025-06-10T09:36:56","guid":{"rendered":"https:\/\/www.egemtv.com\/?p=34060"},"modified":"2025-06-10T12:37:00","modified_gmt":"2025-06-10T09:37:00","slug":"karpuzluda-jandarma-ekiplerinden-sicak-nokta-uygulamasi","status":"publish","type":"post","link":"https:\/\/www.egemtv.com\/?p=34060","title":{"rendered":"Karpuzlu\u2019da jandarma ekiplerinden \u2019s\u0131cak nokta\u2019 uygulamas\u0131"},"content":{"rendered":"<p>Ayd\u0131n\u2019\u0131n Karpuzlu il\u00e7esinde jandarma ekipleri taraf\u0131ndan ger\u00e7ekle\u015ftirilen \u2019s\u0131cak nokta\u2019 faaliyeti kapsam\u0131nda 127 \u015fah\u0131s ve 68 ara\u00e7 sorguland\u0131.<\/p>\n<p>Ayd\u0131n\u2019da jandarma ekipleri vatanda\u015flar\u0131n huzur ve g\u00fcvenli\u011finin sa\u011flanmas\u0131 i\u00e7in \u00e7al\u0131\u015fmalar\u0131n\u0131 aral\u0131ks\u0131z s\u00fcrd\u00fcr\u00fcyor. Edinilen bilgiye g\u00f6re, Karpuzlu \u0130l\u00e7e Jandarma Komutanl\u0131\u011f\u0131 taraf\u0131ndan Tekeler Mahallesi\u2019nde Asayi\u015f Timleri ve Trafik Jandarmas\u0131 taraf\u0131ndan umuma a\u00e7\u0131k yerler ile belirlenen kontrol noktalarda \u015fok \u2019s\u0131cak nokta uygulamas\u0131\u2019 ger\u00e7ekle\u015ftirildi. Faaliyette; 5 umuma a\u00e7\u0131k i\u015fletmenin kontrol\u00fc yap\u0131l\u0131rken, 68 ara\u00e7 ve 127 \u015fah\u0131s sorguland\u0131.<br \/><\/p>\n","protected":false},"excerpt":{"rendered":"<p>Ayd\u0131n\u2019\u0131n Karpuzlu il\u00e7esinde jandarma ekipleri taraf\u0131ndan ger\u00e7ekle\u015ftirilen \u2019s\u0131cak nokta\u2019 faaliyeti kapsam\u0131nda 127 \u015fah\u0131s ve 68 ara\u00e7 sorguland\u0131. Ayd\u0131n\u2019da jandarma ekipleri vatanda\u015flar\u0131n huzur ve g\u00fcvenli\u011finin sa\u011flanmas\u0131 i\u00e7in \u00e7al\u0131\u015fmalar\u0131n\u0131 aral\u0131ks\u0131z s\u00fcrd\u00fcr\u00fcyor. Edinilen bilgiye g\u00f6re, Karpuzlu \u0130l\u00e7e Jandarma Komutanl\u0131\u011f\u0131 taraf\u0131ndan Tekeler Mahallesi\u2019nde Asayi\u015f Timleri ve Trafik Jandarmas\u0131 taraf\u0131ndan umuma a\u00e7\u0131k yerler ile belirlenen kontrol noktalarda \u015fok \u2019s\u0131cak nokta&#8230;<\/p>\n","protected":false},"author":1,"featured_media":34061,"comment_status":"open","ping_status":"open","sticky":false,"template":"","format":"standard","meta":{"_crdt_document":"","footnotes":""},"categories":[5],"tags":[],"class_list":["post-34060","post","type-post","status-publish","format-standard","has-post-thumbnail","hentry","category-asayis"],"_links":{"self":[{"href":"https:\/\/www.egemtv.com\/index.php?rest_route=\/wp\/v2\/posts\/34060","targetHints":{"allow":["GET"]}}],"collection":[{"href":"https:\/\/www.egemtv.com\/index.php?rest_route=\/wp\/v2\/posts"}],"about":[{"href":"https:\/\/www.egemtv.com\/index.php?rest_route=\/wp\/v2\/types\/post"}],"author":[{"embeddable":true,"href":"https:\/\/www.egemtv.com\/index.php?rest_route=\/wp\/v2\/users\/1"}],"replies":[{"embeddable":true,"href":"https:\/\/www.egemtv.com\/index.php?rest_route=%2Fwp%2Fv2%2Fcomments&post=34060"}],"version-history":[{"count":1,"href":"https:\/\/www.egemtv.com\/index.php?rest_route=\/wp\/v2\/posts\/34060\/revisions"}],"predecessor-version":[{"id":34062,"href":"https:\/\/www.egemtv.com\/index.php?rest_route=\/wp\/v2\/posts\/34060\/revisions\/34062"}],"wp:featuredmedia":[{"embeddable":true,"href":"https:\/\/www.egemtv.com\/index.php?rest_route=\/wp\/v2\/media\/34061"}],"wp:attachment":[{"href":"https:\/\/www.egemtv.com\/index.php?rest_route=%2Fwp%2Fv2%2Fmedia&parent=34060"}],"wp:term":[{"taxonomy":"category","embeddable":true,"href":"https:\/\/www.egemtv.com\/index.php?rest_route=%2Fwp%2Fv2%2Fcategories&post=34060"},{"taxonomy":"post_tag","embeddable":true,"href":"https:\/\/www.egemtv.com\/index.php?rest_route=%2Fwp%2Fv2%2Ftags&post=34060"}],"curies":[{"name":"wp","href":"https:\/\/api.w.org\/{rel}","templated":true}]}}