{"id":34030,"date":"2025-06-10T11:56:13","date_gmt":"2025-06-10T08:56:13","guid":{"rendered":"https:\/\/www.egemtv.com\/?p=34030"},"modified":"2025-06-10T11:56:18","modified_gmt":"2025-06-10T08:56:18","slug":"orman-yangini-buyumeden-sonduruldu","status":"publish","type":"post","link":"https:\/\/www.egemtv.com\/?p=34030","title":{"rendered":"Orman yang\u0131n\u0131 b\u00fcy\u00fcmeden s\u00f6nd\u00fcr\u00fcld\u00fc"},"content":{"rendered":"<p>Mu\u011fla\u2019n\u0131n Yata\u011fan il\u00e7esinde \u00e7\u0131kan orman yang\u0131n\u0131, ekiplerin h\u0131zl\u0131 m\u00fcdahalesiyle b\u00fcy\u00fcmeden s\u00f6nd\u00fcr\u00fcl\u00fcrken, yang\u0131nda 2 hektar alan zarar g\u00f6rd\u00fc.<\/p>\n<p>Yang\u0131n, Yata\u011fan il\u00e7esi \u00c7ak\u0131rlar Mahallesi \u0130ncekemer mevkiinde meydana geldi. Edinilen bilgiye g\u00f6re hen\u00fcz bilinmeyen bir nedenle ormanl\u0131k alanda yang\u0131n \u00e7\u0131kt\u0131. Dumanlar\u0131 fark eden vatanda\u015flar durumu 112 Acil \u00c7a\u011fr\u0131 Merkezi\u2019ne bildirdi. \u0130hbar \u00fczerine b\u00f6lgeye Mu\u011fla Orman B\u00f6lge M\u00fcd\u00fcrl\u00fc\u011f\u00fc ekipleri sevk edildi. K\u0131sa s\u00fcrede b\u00f6lgeye gelen ekipler, hem karadan hem havadan yang\u0131na m\u00fcdahale etti. Ekiplerin h\u0131zl\u0131 m\u00fcdahalesiyle alevler b\u00fcy\u00fcmeden s\u00f6nd\u00fcr\u00fcl\u00fcrken, ilk belirlemelere g\u00f6re yang\u0131nda yakla\u015f\u0131k 2 hektar alan zarar g\u00f6rd\u00fc. B\u00f6lgede so\u011futma \u00e7al\u0131\u015fmalar\u0131 s\u00fcr\u00fcyor.<br \/><\/p>\n","protected":false},"excerpt":{"rendered":"<p>Mu\u011fla\u2019n\u0131n Yata\u011fan il\u00e7esinde \u00e7\u0131kan orman yang\u0131n\u0131, ekiplerin h\u0131zl\u0131 m\u00fcdahalesiyle b\u00fcy\u00fcmeden s\u00f6nd\u00fcr\u00fcl\u00fcrken, yang\u0131nda 2 hektar alan zarar g\u00f6rd\u00fc. Yang\u0131n, Yata\u011fan il\u00e7esi \u00c7ak\u0131rlar Mahallesi \u0130ncekemer mevkiinde meydana geldi. Edinilen bilgiye g\u00f6re hen\u00fcz bilinmeyen bir nedenle ormanl\u0131k alanda yang\u0131n \u00e7\u0131kt\u0131. Dumanlar\u0131 fark eden vatanda\u015flar durumu 112 Acil \u00c7a\u011fr\u0131 Merkezi\u2019ne bildirdi. \u0130hbar \u00fczerine b\u00f6lgeye Mu\u011fla Orman B\u00f6lge M\u00fcd\u00fcrl\u00fc\u011f\u00fc ekipleri&#8230;<\/p>\n","protected":false},"author":1,"featured_media":34031,"comment_status":"open","ping_status":"open","sticky":false,"template":"","format":"standard","meta":{"_crdt_document":"","footnotes":""},"categories":[5],"tags":[],"class_list":["post-34030","post","type-post","status-publish","format-standard","has-post-thumbnail","hentry","category-asayis"],"_links":{"self":[{"href":"https:\/\/www.egemtv.com\/index.php?rest_route=\/wp\/v2\/posts\/34030","targetHints":{"allow":["GET"]}}],"collection":[{"href":"https:\/\/www.egemtv.com\/index.php?rest_route=\/wp\/v2\/posts"}],"about":[{"href":"https:\/\/www.egemtv.com\/index.php?rest_route=\/wp\/v2\/types\/post"}],"author":[{"embeddable":true,"href":"https:\/\/www.egemtv.com\/index.php?rest_route=\/wp\/v2\/users\/1"}],"replies":[{"embeddable":true,"href":"https:\/\/www.egemtv.com\/index.php?rest_route=%2Fwp%2Fv2%2Fcomments&post=34030"}],"version-history":[{"count":1,"href":"https:\/\/www.egemtv.com\/index.php?rest_route=\/wp\/v2\/posts\/34030\/revisions"}],"predecessor-version":[{"id":34032,"href":"https:\/\/www.egemtv.com\/index.php?rest_route=\/wp\/v2\/posts\/34030\/revisions\/34032"}],"wp:featuredmedia":[{"embeddable":true,"href":"https:\/\/www.egemtv.com\/index.php?rest_route=\/wp\/v2\/media\/34031"}],"wp:attachment":[{"href":"https:\/\/www.egemtv.com\/index.php?rest_route=%2Fwp%2Fv2%2Fmedia&parent=34030"}],"wp:term":[{"taxonomy":"category","embeddable":true,"href":"https:\/\/www.egemtv.com\/index.php?rest_route=%2Fwp%2Fv2%2Fcategories&post=34030"},{"taxonomy":"post_tag","embeddable":true,"href":"https:\/\/www.egemtv.com\/index.php?rest_route=%2Fwp%2Fv2%2Ftags&post=34030"}],"curies":[{"name":"wp","href":"https:\/\/api.w.org\/{rel}","templated":true}]}}