{"id":34027,"date":"2025-06-10T11:56:09","date_gmt":"2025-06-10T08:56:09","guid":{"rendered":"https:\/\/www.egemtv.com\/?p=34027"},"modified":"2025-06-10T11:56:13","modified_gmt":"2025-06-10T08:56:13","slug":"cinede-3-ayda-yaklasik-bir-yillik-dogum-gerceklesti","status":"publish","type":"post","link":"https:\/\/www.egemtv.com\/?p=34027","title":{"rendered":"\u00c7ine\u2019de 3 ayda yakla\u015f\u0131k bir y\u0131ll\u0131k do\u011fum ger\u00e7ekle\u015fti"},"content":{"rendered":"<p>Mart ay\u0131n\u0131n son haftas\u0131 hizmete ba\u015flayan \u00c7ine Devlet Hastanesi Ayd\u0131n\u2019daki hastanelerin yo\u011funlu\u011funu azaltt\u0131\u011f\u0131 gibi il\u00e7edeki do\u011fum oranlar\u0131n\u0131n da artmas\u0131na vesile oldu. Daha \u00f6nce pek \u00e7ok anne aday\u0131n\u0131n do\u011fum i\u00e7in Ayd\u0131n il merkezindeki Kad\u0131n Do\u011fum Hastanesi\u2019ni veya \u00f6zel hastaneleri tercih etti\u011fi il\u00e7ede son 3 ayda ger\u00e7ekle\u015fen do\u011fumun, son bir y\u0131l\u0131n rakamlar\u0131na a\u015ft\u0131\u011f\u0131 \u00f6\u011frenildi.<\/p>\n<p>Mart ay\u0131n\u0131n son haftas\u0131nda resmi olarak hizmete giren 20 bin metrekare kapal\u0131 alana sahip, ihtiya\u00e7 halinde 105 yata\u011fa kadar \u00e7\u0131kar\u0131labilen 75 yatakl\u0131, 28 poliklinik, 11 palyatif bak\u0131m ve 8 yo\u011fun bak\u0131m yatak kapasiteli \u00c7ine Devlet Hastanesi sadece \u00c7ine\u2019ye de\u011fil \u00e7evre il\u00e7elerdeki vatanda\u015flara da hizmet veriyor. 2 y\u0131l gibi k\u0131sa bir s\u00fcrede in\u015fa edilip hizmete giren \u00c7ine Devlet Hastanesi yenilenen cihazlar\u0131 ve adeta 5 y\u0131ld\u0131zl\u0131 otel konforuyla verdi\u011fi hizmet ile il\u00e7eden ile hasta sevkini de \u00f6nemli \u00f6l\u00e7\u00fcde d\u00fc\u015f\u00fcrd\u00fc.<\/p>\n<p>&#8220;Bu hastanede anne olmak ayr\u0131cal\u0131k&#8221;<br \/>\n<br \/>Do\u011fumunu \u00c7ine Devlet Hastanesi\u2019nde yapmay\u0131 tercih eden annelerden Cansu Demircan, &#8220;Do\u011fum hem anne hem de \u00e7ocu\u011fu i\u00e7in \u00e7ok \u00f6nemli bir olay. Yeni a\u00e7\u0131lan \u00c7ine Devlet Hastanesi\u2019nin fiziki \u015fartlar\u0131ndaki konforun yan\u0131nda son teknolojiye sahip cihazlarla donat\u0131ld\u0131\u011f\u0131n\u0131 duymu\u015ftum. Kontrollerimiz i\u00e7in hastaneye geldi\u011fimizde do\u011fumu da burada yapmaya karar verdim. Do\u011fum s\u00fcreci, deneyimli kad\u0131n do\u011fum uzmanlar\u0131 ve ebeler e\u015fli\u011finde ger\u00e7ekle\u015fiyor. Ger\u00e7ekten kendimi burada \u00e7ok \u00f6zel hissettim. Adeta V\u0130P hizmet veriliyor. Anne adaylar\u0131 tek ki\u015filik \u00f6zel odalarda kal\u0131yor. Bu nedenle herkes gibi ben de \u00e7ocu\u011fumu burada d\u00fcnyaya getirmek istedim. Ba\u015fta hastane ba\u015fhekimi olmak \u00fczere, temizlik g\u00f6revlisinden hasta bak\u0131c\u0131s\u0131na, ebesinden doktoruna kadar herkese te\u015fekk\u00fcr ediyorum&#8221; dedi.<\/p>\n<p>\u0130ki y\u0131l gibi k\u0131sa s\u00fcrede in\u015fa edilen \u00c7ine Devlet Hastanesi\u2019nin t\u00fcm birimleriyle aktif \u015fekilde hizmet sundu\u011funu belirten Ba\u015fhekim H\u00fcseyin Zafer Alkaya, &#8220;Bug\u00fcn yaln\u0131zca \u00c7ine de\u011fil, \u00e7evre il\u00e7elerden de muayene ve ameliyat i\u00e7in hastanemiz tercih edilmektedir. Hedefimiz; hastalar\u0131m\u0131z\u0131n ba\u015fka merkezlere gitme ihtiyac\u0131n\u0131 en aza indirerek, t\u00fcm sa\u011fl\u0131k hizmetlerini yerinde ve y\u00fcksek kalitede sunabilmektir. B\u00f6yle nitelikli bir sa\u011fl\u0131k yat\u0131r\u0131m\u0131n\u0131 il\u00e7emize kazand\u0131ran Sa\u011fl\u0131k Bakanl\u0131\u011f\u0131m\u0131za ve eme\u011fi ge\u00e7en herkese te\u015fekk\u00fcr ediyorum. \u00c7ine Devlet Hastanesi, sundu\u011fu g\u00fcvenli, konforlu ve kaliteli sa\u011fl\u0131k hizmetleriyle hem b\u00f6lge halk\u0131n\u0131n hem de \u00e7evre il\u00e7elerden gelen hastalar\u0131n do\u011fum ve genel sa\u011fl\u0131k alan\u0131ndaki ilk tercihi olmaya devam ediyor&#8221; diye konu\u015ftu.<br \/><\/p>\n","protected":false},"excerpt":{"rendered":"<p>Mart ay\u0131n\u0131n son haftas\u0131 hizmete ba\u015flayan \u00c7ine Devlet Hastanesi Ayd\u0131n\u2019daki hastanelerin yo\u011funlu\u011funu azaltt\u0131\u011f\u0131 gibi il\u00e7edeki do\u011fum oranlar\u0131n\u0131n da artmas\u0131na vesile oldu. Daha \u00f6nce pek \u00e7ok anne aday\u0131n\u0131n do\u011fum i\u00e7in Ayd\u0131n il merkezindeki Kad\u0131n Do\u011fum Hastanesi\u2019ni veya \u00f6zel hastaneleri tercih etti\u011fi il\u00e7ede son 3 ayda ger\u00e7ekle\u015fen do\u011fumun, son bir y\u0131l\u0131n rakamlar\u0131na a\u015ft\u0131\u011f\u0131 \u00f6\u011frenildi. Mart ay\u0131n\u0131n son&#8230;<\/p>\n","protected":false},"author":1,"featured_media":34028,"comment_status":"open","ping_status":"open","sticky":false,"template":"","format":"standard","meta":{"_crdt_document":"","footnotes":""},"categories":[2],"tags":[],"class_list":["post-34027","post","type-post","status-publish","format-standard","has-post-thumbnail","hentry","category-saglik"],"_links":{"self":[{"href":"https:\/\/www.egemtv.com\/index.php?rest_route=\/wp\/v2\/posts\/34027","targetHints":{"allow":["GET"]}}],"collection":[{"href":"https:\/\/www.egemtv.com\/index.php?rest_route=\/wp\/v2\/posts"}],"about":[{"href":"https:\/\/www.egemtv.com\/index.php?rest_route=\/wp\/v2\/types\/post"}],"author":[{"embeddable":true,"href":"https:\/\/www.egemtv.com\/index.php?rest_route=\/wp\/v2\/users\/1"}],"replies":[{"embeddable":true,"href":"https:\/\/www.egemtv.com\/index.php?rest_route=%2Fwp%2Fv2%2Fcomments&post=34027"}],"version-history":[{"count":1,"href":"https:\/\/www.egemtv.com\/index.php?rest_route=\/wp\/v2\/posts\/34027\/revisions"}],"predecessor-version":[{"id":34029,"href":"https:\/\/www.egemtv.com\/index.php?rest_route=\/wp\/v2\/posts\/34027\/revisions\/34029"}],"wp:featuredmedia":[{"embeddable":true,"href":"https:\/\/www.egemtv.com\/index.php?rest_route=\/wp\/v2\/media\/34028"}],"wp:attachment":[{"href":"https:\/\/www.egemtv.com\/index.php?rest_route=%2Fwp%2Fv2%2Fmedia&parent=34027"}],"wp:term":[{"taxonomy":"category","embeddable":true,"href":"https:\/\/www.egemtv.com\/index.php?rest_route=%2Fwp%2Fv2%2Fcategories&post=34027"},{"taxonomy":"post_tag","embeddable":true,"href":"https:\/\/www.egemtv.com\/index.php?rest_route=%2Fwp%2Fv2%2Ftags&post=34027"}],"curies":[{"name":"wp","href":"https:\/\/api.w.org\/{rel}","templated":true}]}}