{"id":34024,"date":"2025-06-10T11:36:45","date_gmt":"2025-06-10T08:36:45","guid":{"rendered":"https:\/\/www.egemtv.com\/?p=34024"},"modified":"2025-06-10T11:36:50","modified_gmt":"2025-06-10T08:36:50","slug":"samanlikta-cikan-yangin-panige-neden-oldu","status":"publish","type":"post","link":"https:\/\/www.egemtv.com\/?p=34024","title":{"rendered":"Samanl\u0131kta \u00e7\u0131kan yang\u0131n pani\u011fe neden oldu"},"content":{"rendered":"<p>Isparta\u2019n\u0131n Yalva\u00e7 il\u00e7esine ba\u011fl\u0131 \u00c7ak\u0131r\u00e7al k\u00f6y\u00fcnde iki katl\u0131 bir evin samanl\u0131\u011f\u0131nda \u00e7\u0131kan yang\u0131n, k\u00f6yl\u00fclerin ve itfaiye ekiplerinin m\u00fcdahalesiyle k\u0131sa s\u00fcrede kontrol alt\u0131na al\u0131nd\u0131.<br \/>\n<br \/>Yang\u0131n, Isparta\u2019n\u0131n Yalva\u00e7 il\u00e7esine ba\u011fl\u0131 \u00c7ak\u0131r\u00e7al k\u00f6y\u00fcnde meydana geldi. Edinilen bilgilere g\u00f6re, iki katl\u0131 m\u00fcstakil bir evin alt kat\u0131nda bulunan odunluk k\u0131sm\u0131ndaki samanlar hen\u00fcz belirlenemeyen bir nedenle aniden alev ald\u0131. Y\u00fckselen dumanlar\u0131 fark eden \u00e7evredeki vatanda\u015flar durumu 112 Acil \u00c7a\u011fr\u0131 Merkezi\u2019ne bildirdi. \u0130hbar \u00fczerine olay yerine jandarma ve itfaiye ekipleri sevk edildi. Yang\u0131na ilk m\u00fcdahale k\u00f6y halk\u0131 taraf\u0131ndan yap\u0131l\u0131rken, itfaiye ekiplerinin de deste\u011fiyle alevler k\u0131sa s\u00fcrede kontrol alt\u0131na al\u0131nd\u0131. Yang\u0131nda herhangi bir yaralanma ya da can kayb\u0131 ya\u015fanmazken, samanlar\u0131n neden alev ald\u0131\u011f\u0131na ili\u015fkin inceleme ba\u015flat\u0131ld\u0131.<br \/><\/p>\n","protected":false},"excerpt":{"rendered":"<p>Isparta\u2019n\u0131n Yalva\u00e7 il\u00e7esine ba\u011fl\u0131 \u00c7ak\u0131r\u00e7al k\u00f6y\u00fcnde iki katl\u0131 bir evin samanl\u0131\u011f\u0131nda \u00e7\u0131kan yang\u0131n, k\u00f6yl\u00fclerin ve itfaiye ekiplerinin m\u00fcdahalesiyle k\u0131sa s\u00fcrede kontrol alt\u0131na al\u0131nd\u0131. Yang\u0131n, Isparta\u2019n\u0131n Yalva\u00e7 il\u00e7esine ba\u011fl\u0131 \u00c7ak\u0131r\u00e7al k\u00f6y\u00fcnde meydana geldi. Edinilen bilgilere g\u00f6re, iki katl\u0131 m\u00fcstakil bir evin alt kat\u0131nda bulunan odunluk k\u0131sm\u0131ndaki samanlar hen\u00fcz belirlenemeyen bir nedenle aniden alev ald\u0131. Y\u00fckselen dumanlar\u0131&#8230;<\/p>\n","protected":false},"author":1,"featured_media":34025,"comment_status":"open","ping_status":"open","sticky":false,"template":"","format":"standard","meta":{"_crdt_document":"","footnotes":""},"categories":[5],"tags":[],"class_list":["post-34024","post","type-post","status-publish","format-standard","has-post-thumbnail","hentry","category-asayis"],"_links":{"self":[{"href":"https:\/\/www.egemtv.com\/index.php?rest_route=\/wp\/v2\/posts\/34024","targetHints":{"allow":["GET"]}}],"collection":[{"href":"https:\/\/www.egemtv.com\/index.php?rest_route=\/wp\/v2\/posts"}],"about":[{"href":"https:\/\/www.egemtv.com\/index.php?rest_route=\/wp\/v2\/types\/post"}],"author":[{"embeddable":true,"href":"https:\/\/www.egemtv.com\/index.php?rest_route=\/wp\/v2\/users\/1"}],"replies":[{"embeddable":true,"href":"https:\/\/www.egemtv.com\/index.php?rest_route=%2Fwp%2Fv2%2Fcomments&post=34024"}],"version-history":[{"count":1,"href":"https:\/\/www.egemtv.com\/index.php?rest_route=\/wp\/v2\/posts\/34024\/revisions"}],"predecessor-version":[{"id":34026,"href":"https:\/\/www.egemtv.com\/index.php?rest_route=\/wp\/v2\/posts\/34024\/revisions\/34026"}],"wp:featuredmedia":[{"embeddable":true,"href":"https:\/\/www.egemtv.com\/index.php?rest_route=\/wp\/v2\/media\/34025"}],"wp:attachment":[{"href":"https:\/\/www.egemtv.com\/index.php?rest_route=%2Fwp%2Fv2%2Fmedia&parent=34024"}],"wp:term":[{"taxonomy":"category","embeddable":true,"href":"https:\/\/www.egemtv.com\/index.php?rest_route=%2Fwp%2Fv2%2Fcategories&post=34024"},{"taxonomy":"post_tag","embeddable":true,"href":"https:\/\/www.egemtv.com\/index.php?rest_route=%2Fwp%2Fv2%2Ftags&post=34024"}],"curies":[{"name":"wp","href":"https:\/\/api.w.org\/{rel}","templated":true}]}}