{"id":34021,"date":"2025-06-10T11:36:42","date_gmt":"2025-06-10T08:36:42","guid":{"rendered":"https:\/\/www.egemtv.com\/?p=34021"},"modified":"2025-06-10T11:36:45","modified_gmt":"2025-06-10T08:36:45","slug":"kazandiklari-kupa-ve-madalyalari-salihli-kaymakami-guldogana-goturduler","status":"publish","type":"post","link":"https:\/\/www.egemtv.com\/?p=34021","title":{"rendered":"Kazand\u0131klar\u0131 kupa ve madalyalar\u0131, Salihli Kaymakam\u0131 G\u00fcldo\u011fan\u2019a g\u00f6t\u00fcrd\u00fcler"},"content":{"rendered":"<p>Manisa\u2019n\u0131n Salihli il\u00e7esi Duras\u0131ll\u0131 Mimar Sinan Ortaokulu \u00f6\u011frencileri, Mu\u011fla Akyaka\u2019da yap\u0131lan Okul Sporlar\u0131 Bocce Petank ve Volo T\u00fcrkiye \u015eampiyonas\u0131nda kazand\u0131klar\u0131 kupa ve madalyalar\u0131 Kaymakam Ali G\u00fcldo\u011fan\u2019a g\u00f6t\u00fcrd\u00fc.<br \/>\n<br \/>Mu\u011fla Akyaka\u2019da yap\u0131lan Okul Sporlar\u0131 Bocce Petank ve Volo T\u00fcrkiye \u015eampiyonas\u0131nda derece yapan, Salihli Duras\u0131ll\u0131 Mimar Sinan Ortaokulu\u2019nun K\u00fc\u00e7\u00fck K\u0131zlar Volo T\u00fcrkiye \u015eampiyonu Eyl\u00fcl Ka\u00e7ar, Y\u0131ld\u0131z K\u0131zlar Volo T\u00fcrkiye \u015eampiyonu Zekiye Kopac, Y\u0131ld\u0131z Erkekler Volo T\u00fcrkiye \u0130kincisi Ayd\u0131n Ayayd\u0131n, K\u00fc\u00e7\u00fck Erkekler Volo T\u00fcrkiye D\u00f6rd\u00fcnc\u00fcs\u00fc Muhammed Emir Akyava\u015f, K\u00fc\u00e7\u00fck K\u0131zlar Petank T\u00fcrkiye \u00dc\u00e7\u00fcnc\u00fcs\u00fc Eyl\u00fcl Ka\u00e7ar, Zilan Kurtak, Bahriye Keskin, Fatma T\u00fcrko\u011flu, Senanur Sava\u015fan, kazand\u0131klar\u0131 kupa ve madalyalarla birlikte Kaymakam Ali G\u00fcldo\u011fan\u2019\u0131 ziyaret etti.<br \/>\n<br \/>\u0130l\u00e7e Milli E\u011fitim M\u00fcd\u00fcr\u00fc Mahmut Yenen, Okul M\u00fcd\u00fcr\u00fc Muhammet Mustafa Demir ve Beden E\u011fitimi \u00d6\u011fretmeni \u0130rfan Arslan\u2019\u0131n yer ald\u0131\u011f\u0131 ziyarette Kaymakam G\u00fcldo\u011fan, \u00f6\u011frencileri tebrik ederek ba\u015far\u0131lar\u0131n\u0131n devam\u0131n\u0131 diledi.<br \/>\n<br \/>\u00d6te yandan ziyaret an\u0131s\u0131na Okul M\u00fcd\u00fcr\u00fc Muhammet Mustafa Demir, Kaymakam Ali G\u00fcldo\u011fan\u2019a isminin yaz\u0131l\u0131 oldu\u011fu forma hediye etti.<br \/><\/p>\n","protected":false},"excerpt":{"rendered":"<p>Manisa\u2019n\u0131n Salihli il\u00e7esi Duras\u0131ll\u0131 Mimar Sinan Ortaokulu \u00f6\u011frencileri, Mu\u011fla Akyaka\u2019da yap\u0131lan Okul Sporlar\u0131 Bocce Petank ve Volo T\u00fcrkiye \u015eampiyonas\u0131nda kazand\u0131klar\u0131 kupa ve madalyalar\u0131 Kaymakam Ali G\u00fcldo\u011fan\u2019a g\u00f6t\u00fcrd\u00fc. Mu\u011fla Akyaka\u2019da yap\u0131lan Okul Sporlar\u0131 Bocce Petank ve Volo T\u00fcrkiye \u015eampiyonas\u0131nda derece yapan, Salihli Duras\u0131ll\u0131 Mimar Sinan Ortaokulu\u2019nun K\u00fc\u00e7\u00fck K\u0131zlar Volo T\u00fcrkiye \u015eampiyonu Eyl\u00fcl Ka\u00e7ar, Y\u0131ld\u0131z K\u0131zlar Volo&#8230;<\/p>\n","protected":false},"author":1,"featured_media":34022,"comment_status":"open","ping_status":"open","sticky":false,"template":"","format":"standard","meta":{"_crdt_document":"","footnotes":""},"categories":[4],"tags":[],"class_list":["post-34021","post","type-post","status-publish","format-standard","has-post-thumbnail","hentry","category-spor"],"_links":{"self":[{"href":"https:\/\/www.egemtv.com\/index.php?rest_route=\/wp\/v2\/posts\/34021","targetHints":{"allow":["GET"]}}],"collection":[{"href":"https:\/\/www.egemtv.com\/index.php?rest_route=\/wp\/v2\/posts"}],"about":[{"href":"https:\/\/www.egemtv.com\/index.php?rest_route=\/wp\/v2\/types\/post"}],"author":[{"embeddable":true,"href":"https:\/\/www.egemtv.com\/index.php?rest_route=\/wp\/v2\/users\/1"}],"replies":[{"embeddable":true,"href":"https:\/\/www.egemtv.com\/index.php?rest_route=%2Fwp%2Fv2%2Fcomments&post=34021"}],"version-history":[{"count":1,"href":"https:\/\/www.egemtv.com\/index.php?rest_route=\/wp\/v2\/posts\/34021\/revisions"}],"predecessor-version":[{"id":34023,"href":"https:\/\/www.egemtv.com\/index.php?rest_route=\/wp\/v2\/posts\/34021\/revisions\/34023"}],"wp:featuredmedia":[{"embeddable":true,"href":"https:\/\/www.egemtv.com\/index.php?rest_route=\/wp\/v2\/media\/34022"}],"wp:attachment":[{"href":"https:\/\/www.egemtv.com\/index.php?rest_route=%2Fwp%2Fv2%2Fmedia&parent=34021"}],"wp:term":[{"taxonomy":"category","embeddable":true,"href":"https:\/\/www.egemtv.com\/index.php?rest_route=%2Fwp%2Fv2%2Fcategories&post=34021"},{"taxonomy":"post_tag","embeddable":true,"href":"https:\/\/www.egemtv.com\/index.php?rest_route=%2Fwp%2Fv2%2Ftags&post=34021"}],"curies":[{"name":"wp","href":"https:\/\/api.w.org\/{rel}","templated":true}]}}