{"id":33850,"date":"2025-06-09T13:37:15","date_gmt":"2025-06-09T10:37:15","guid":{"rendered":"https:\/\/www.egemtv.com\/?p=33850"},"modified":"2025-06-09T13:37:20","modified_gmt":"2025-06-09T10:37:20","slug":"bayramin-son-gununde-mesirelik-alanlarda-piknikciler-ile-doldu","status":"publish","type":"post","link":"https:\/\/www.egemtv.com\/?p=33850","title":{"rendered":"Bayram\u0131n son g\u00fcn\u00fcnde mesirelik alanlarda piknik\u00e7iler ile doldu"},"content":{"rendered":"<p>Afyonkarahisar\u2019da Kurban Bayram\u0131n\u0131n son g\u00fcn\u00fcnde vatanda\u015flar piknik i\u00e7in mesirelik alanlara ak\u0131n etti.<br \/>\n<br \/>Sinanpa\u015fa il\u00e7esine ba\u011fl\u0131 Ta\u015foluk beldesinde mesire yerleri havan\u0131n da g\u00fczel olmas\u0131 ile adeta doldu ta\u015ft\u0131. Kurban Bayram\u0131n\u0131n son g\u00fcn\u00fcnde vatanda\u015flar piknik i\u00e7in beldede bulunan mesirelik alanlara adeta ak\u0131n etti. Pikni\u011fe gelenlerin genelde aileleri ile birlikte gelmeleri dikkatlerden ka\u00e7mad\u0131.<br \/><\/p>\n","protected":false},"excerpt":{"rendered":"<p>Afyonkarahisar\u2019da Kurban Bayram\u0131n\u0131n son g\u00fcn\u00fcnde vatanda\u015flar piknik i\u00e7in mesirelik alanlara ak\u0131n etti. Sinanpa\u015fa il\u00e7esine ba\u011fl\u0131 Ta\u015foluk beldesinde mesire yerleri havan\u0131n da g\u00fczel olmas\u0131 ile adeta doldu ta\u015ft\u0131. Kurban Bayram\u0131n\u0131n son g\u00fcn\u00fcnde vatanda\u015flar piknik i\u00e7in beldede bulunan mesirelik alanlara adeta ak\u0131n etti. Pikni\u011fe gelenlerin genelde aileleri ile birlikte gelmeleri dikkatlerden ka\u00e7mad\u0131.<\/p>\n","protected":false},"author":1,"featured_media":33851,"comment_status":"open","ping_status":"open","sticky":false,"template":"","format":"standard","meta":{"_crdt_document":"","footnotes":""},"categories":[1],"tags":[],"class_list":["post-33850","post","type-post","status-publish","format-standard","has-post-thumbnail","hentry","category-guncel"],"_links":{"self":[{"href":"https:\/\/www.egemtv.com\/index.php?rest_route=\/wp\/v2\/posts\/33850","targetHints":{"allow":["GET"]}}],"collection":[{"href":"https:\/\/www.egemtv.com\/index.php?rest_route=\/wp\/v2\/posts"}],"about":[{"href":"https:\/\/www.egemtv.com\/index.php?rest_route=\/wp\/v2\/types\/post"}],"author":[{"embeddable":true,"href":"https:\/\/www.egemtv.com\/index.php?rest_route=\/wp\/v2\/users\/1"}],"replies":[{"embeddable":true,"href":"https:\/\/www.egemtv.com\/index.php?rest_route=%2Fwp%2Fv2%2Fcomments&post=33850"}],"version-history":[{"count":1,"href":"https:\/\/www.egemtv.com\/index.php?rest_route=\/wp\/v2\/posts\/33850\/revisions"}],"predecessor-version":[{"id":33852,"href":"https:\/\/www.egemtv.com\/index.php?rest_route=\/wp\/v2\/posts\/33850\/revisions\/33852"}],"wp:featuredmedia":[{"embeddable":true,"href":"https:\/\/www.egemtv.com\/index.php?rest_route=\/wp\/v2\/media\/33851"}],"wp:attachment":[{"href":"https:\/\/www.egemtv.com\/index.php?rest_route=%2Fwp%2Fv2%2Fmedia&parent=33850"}],"wp:term":[{"taxonomy":"category","embeddable":true,"href":"https:\/\/www.egemtv.com\/index.php?rest_route=%2Fwp%2Fv2%2Fcategories&post=33850"},{"taxonomy":"post_tag","embeddable":true,"href":"https:\/\/www.egemtv.com\/index.php?rest_route=%2Fwp%2Fv2%2Ftags&post=33850"}],"curies":[{"name":"wp","href":"https:\/\/api.w.org\/{rel}","templated":true}]}}