{"id":33847,"date":"2025-06-09T12:38:03","date_gmt":"2025-06-09T09:38:03","guid":{"rendered":"https:\/\/www.egemtv.com\/?p=33847"},"modified":"2025-06-09T12:38:08","modified_gmt":"2025-06-09T09:38:08","slug":"korozyon-onlemleri-etkisiz-kildi","status":"publish","type":"post","link":"https:\/\/www.egemtv.com\/?p=33847","title":{"rendered":"Korozyon, \u00f6nlemleri etkisiz k\u0131ld\u0131"},"content":{"rendered":"<p>Manisa B\u00fcy\u00fck\u015fehir Belediye Ba\u015fkan\u0131 Ferdi Zeyrek\u2019in elektrik ak\u0131m\u0131na kap\u0131larak a\u011f\u0131r yaralanmas\u0131 olay\u0131na ili\u015fkin haz\u0131rlanan bilirki\u015fi raporundaki \u00f6n tespitlerde makine dairesinde \u00f6nlemlerin al\u0131nd\u0131\u011f\u0131 ancak korozyona u\u011framas\u0131 sebebiyle i\u015flevini yitirdi\u011fi, ana daire giri\u015finde ise herhangi bir koruma \u00f6nleminin bulunmad\u0131\u011f\u0131 \u00f6\u011frenildi. \u00d6te yandan raporda 50 volt \u00fcst\u00fcn\u00fcn \u00f6ld\u00fcr\u00fcc\u00fc etkisinin bulundu\u011fu, Ba\u015fkan Zeyrek\u2019in 68-80 volt dalgalanan elektrik ak\u0131m\u0131na kap\u0131ld\u0131\u011f\u0131 belirlendi.<br \/>\n<br \/>Manisa B\u00fcy\u00fck\u015fehir Belediye Ba\u015fkan\u0131 Ferdi Zeyrek\u2019in 6 Haziran g\u00fcn\u00fc 23.30 s\u0131ralar\u0131nda havuzda meydana gelen bir ar\u0131zay\u0131 kontrol etmek amac\u0131yla makine dairesine indi\u011fi s\u0131rada elektrik ak\u0131m\u0131na kap\u0131larak a\u011f\u0131r yaralanmas\u0131yla sonu\u00e7lanan olaya ili\u015fkin haz\u0131rlanan bilirki\u015fi raporuyla ilgili detaylar ortaya \u00e7\u0131kmaya ba\u015flad\u0131.<br \/>\n<br \/>50 volt \u00fcst\u00fcn\u00fcn \u00f6ld\u00fcr\u00fcc\u00fc olarak de\u011ferlendirildi\u011fi raporda Ba\u015fkan Zeyrek\u2019in 68-80 volt dalgalanan elektrik ak\u0131m\u0131na kap\u0131ld\u0131\u011f\u0131 \u00f6\u011frenildi. Havuzla ilgili ar\u0131zan\u0131n filtreleme sistemiyle ilgili oldu\u011fu belirlenen raporda koruma cihazlar\u0131n\u0131n \u00e7al\u0131\u015fmad\u0131\u011f\u0131 \u00f6\u011frenildi. Ba\u015fkan Zeyrek\u2019in bast\u0131\u011f\u0131 zeminin \u0131slak oldu\u011fu, aya\u011f\u0131n\u0131n \u00e7\u0131plak oldu\u011fu belirlenirken makine dairesinde \u00f6nlemlerin al\u0131nd\u0131\u011f\u0131 ancak korozyona u\u011framas\u0131 sebebiyle s\u00f6z konusu \u00f6nlemlerin i\u015flevsiz kald\u0131\u011f\u0131 ancak ana daire giri\u015finde ise herhangi bir koruma \u00f6nleminin bulunmad\u0131\u011f\u0131, bu tip alanlarda her iki koruma \u00f6nleminin al\u0131nmas\u0131 gerekti\u011fi belirlendi.<br \/><\/p>\n","protected":false},"excerpt":{"rendered":"<p>Manisa B\u00fcy\u00fck\u015fehir Belediye Ba\u015fkan\u0131 Ferdi Zeyrek\u2019in elektrik ak\u0131m\u0131na kap\u0131larak a\u011f\u0131r yaralanmas\u0131 olay\u0131na ili\u015fkin haz\u0131rlanan bilirki\u015fi raporundaki \u00f6n tespitlerde makine dairesinde \u00f6nlemlerin al\u0131nd\u0131\u011f\u0131 ancak korozyona u\u011framas\u0131 sebebiyle i\u015flevini yitirdi\u011fi, ana daire giri\u015finde ise herhangi bir koruma \u00f6nleminin bulunmad\u0131\u011f\u0131 \u00f6\u011frenildi. \u00d6te yandan raporda 50 volt \u00fcst\u00fcn\u00fcn \u00f6ld\u00fcr\u00fcc\u00fc etkisinin bulundu\u011fu, Ba\u015fkan Zeyrek\u2019in 68-80 volt dalgalanan elektrik ak\u0131m\u0131na kap\u0131ld\u0131\u011f\u0131&#8230;<\/p>\n","protected":false},"author":1,"featured_media":33848,"comment_status":"open","ping_status":"open","sticky":false,"template":"","format":"standard","meta":{"_crdt_document":"","footnotes":""},"categories":[5],"tags":[],"class_list":["post-33847","post","type-post","status-publish","format-standard","has-post-thumbnail","hentry","category-asayis"],"_links":{"self":[{"href":"https:\/\/www.egemtv.com\/index.php?rest_route=\/wp\/v2\/posts\/33847","targetHints":{"allow":["GET"]}}],"collection":[{"href":"https:\/\/www.egemtv.com\/index.php?rest_route=\/wp\/v2\/posts"}],"about":[{"href":"https:\/\/www.egemtv.com\/index.php?rest_route=\/wp\/v2\/types\/post"}],"author":[{"embeddable":true,"href":"https:\/\/www.egemtv.com\/index.php?rest_route=\/wp\/v2\/users\/1"}],"replies":[{"embeddable":true,"href":"https:\/\/www.egemtv.com\/index.php?rest_route=%2Fwp%2Fv2%2Fcomments&post=33847"}],"version-history":[{"count":1,"href":"https:\/\/www.egemtv.com\/index.php?rest_route=\/wp\/v2\/posts\/33847\/revisions"}],"predecessor-version":[{"id":33849,"href":"https:\/\/www.egemtv.com\/index.php?rest_route=\/wp\/v2\/posts\/33847\/revisions\/33849"}],"wp:featuredmedia":[{"embeddable":true,"href":"https:\/\/www.egemtv.com\/index.php?rest_route=\/wp\/v2\/media\/33848"}],"wp:attachment":[{"href":"https:\/\/www.egemtv.com\/index.php?rest_route=%2Fwp%2Fv2%2Fmedia&parent=33847"}],"wp:term":[{"taxonomy":"category","embeddable":true,"href":"https:\/\/www.egemtv.com\/index.php?rest_route=%2Fwp%2Fv2%2Fcategories&post=33847"},{"taxonomy":"post_tag","embeddable":true,"href":"https:\/\/www.egemtv.com\/index.php?rest_route=%2Fwp%2Fv2%2Ftags&post=33847"}],"curies":[{"name":"wp","href":"https:\/\/api.w.org\/{rel}","templated":true}]}}