{"id":33844,"date":"2025-06-09T12:37:58","date_gmt":"2025-06-09T09:37:58","guid":{"rendered":"https:\/\/www.egemtv.com\/?p=33844"},"modified":"2025-06-09T12:38:03","modified_gmt":"2025-06-09T09:38:03","slug":"muglada-tatilcilerin-donus-yolcugu-basladi","status":"publish","type":"post","link":"https:\/\/www.egemtv.com\/?p=33844","title":{"rendered":"Mu\u011fla\u2019da tatilcilerin d\u00f6n\u00fc\u015f yolcu\u011fu ba\u015flad\u0131"},"content":{"rendered":"<p>Mu\u011fla\u2019n\u0131n turistik il\u00e7elerinde 4 g\u00fcnl\u00fck Kurban Bayram\u0131 tatilini ge\u00e7iren yerli turistlerin d\u00f6n\u00fc\u015f yolculu\u011fu ba\u015flad\u0131. Yollarda uzun ara\u00e7 kuyruklar\u0131 olu\u015ftu.<br \/>\n<br \/>Mu\u011fla\u2019n\u0131n Marmaris, Fethiye, Bodrum, Dat\u00e7a gibi turistik il\u00e7elerinde 4 g\u00fcnl\u00fck bayram tatilini de\u011ferlendiren vatanda\u015flar d\u00f6n\u00fc\u015f yolunda yo\u011funluk olu\u015fturmaya ba\u015flad\u0131.<br \/>\n<br \/>Tatilcilerin d\u00f6n\u00fc\u015f yolcu\u011funun ba\u015flamas\u0131 ile birlikte G\u00f6kova Kav\u015fa\u011f\u0131, Sakar Rampas\u0131, Ula Kav\u015fa\u011f\u0131, Mente\u015fe Ayd\u0131n-Denizli Karayolu Kav\u015fa\u011f\u0131\u2019nda, ve Yata\u011fan \u00e7\u0131k\u0131\u015f\u0131nda uzun ara\u00e7 kuyruklar\u0131 olu\u015ftu. D\u00f6n\u00fc\u015f yolundaki ara\u00e7 trafi\u011fini azaltmak ve ara\u00e7 trafi\u011finin g\u00fcvenli bir \u015fekilde seyretmesi amac\u0131yla trafik ekipleri \u00e7al\u0131\u015fmalar\u0131n\u0131 s\u00fcrd\u00fcr\u00fcyor. Bayram s\u00fcresince Mu\u011fla\u2019ya 200 bin arac\u0131n giri\u015f yapt\u0131\u011f\u0131 ve yakla\u015f\u0131k 3 milyon yerli turistin bayram tatilini turistik il\u00e7elerde de\u011ferlendirdi\u011fi \u00f6\u011frenildi.<br \/><\/p>\n","protected":false},"excerpt":{"rendered":"<p>Mu\u011fla\u2019n\u0131n turistik il\u00e7elerinde 4 g\u00fcnl\u00fck Kurban Bayram\u0131 tatilini ge\u00e7iren yerli turistlerin d\u00f6n\u00fc\u015f yolculu\u011fu ba\u015flad\u0131. Yollarda uzun ara\u00e7 kuyruklar\u0131 olu\u015ftu. Mu\u011fla\u2019n\u0131n Marmaris, Fethiye, Bodrum, Dat\u00e7a gibi turistik il\u00e7elerinde 4 g\u00fcnl\u00fck bayram tatilini de\u011ferlendiren vatanda\u015flar d\u00f6n\u00fc\u015f yolunda yo\u011funluk olu\u015fturmaya ba\u015flad\u0131. Tatilcilerin d\u00f6n\u00fc\u015f yolcu\u011funun ba\u015flamas\u0131 ile birlikte G\u00f6kova Kav\u015fa\u011f\u0131, Sakar Rampas\u0131, Ula Kav\u015fa\u011f\u0131, Mente\u015fe Ayd\u0131n-Denizli Karayolu Kav\u015fa\u011f\u0131\u2019nda, ve&#8230;<\/p>\n","protected":false},"author":1,"featured_media":33845,"comment_status":"open","ping_status":"open","sticky":false,"template":"","format":"standard","meta":{"_crdt_document":"","footnotes":""},"categories":[1],"tags":[],"class_list":["post-33844","post","type-post","status-publish","format-standard","has-post-thumbnail","hentry","category-guncel"],"_links":{"self":[{"href":"https:\/\/www.egemtv.com\/index.php?rest_route=\/wp\/v2\/posts\/33844","targetHints":{"allow":["GET"]}}],"collection":[{"href":"https:\/\/www.egemtv.com\/index.php?rest_route=\/wp\/v2\/posts"}],"about":[{"href":"https:\/\/www.egemtv.com\/index.php?rest_route=\/wp\/v2\/types\/post"}],"author":[{"embeddable":true,"href":"https:\/\/www.egemtv.com\/index.php?rest_route=\/wp\/v2\/users\/1"}],"replies":[{"embeddable":true,"href":"https:\/\/www.egemtv.com\/index.php?rest_route=%2Fwp%2Fv2%2Fcomments&post=33844"}],"version-history":[{"count":1,"href":"https:\/\/www.egemtv.com\/index.php?rest_route=\/wp\/v2\/posts\/33844\/revisions"}],"predecessor-version":[{"id":33846,"href":"https:\/\/www.egemtv.com\/index.php?rest_route=\/wp\/v2\/posts\/33844\/revisions\/33846"}],"wp:featuredmedia":[{"embeddable":true,"href":"https:\/\/www.egemtv.com\/index.php?rest_route=\/wp\/v2\/media\/33845"}],"wp:attachment":[{"href":"https:\/\/www.egemtv.com\/index.php?rest_route=%2Fwp%2Fv2%2Fmedia&parent=33844"}],"wp:term":[{"taxonomy":"category","embeddable":true,"href":"https:\/\/www.egemtv.com\/index.php?rest_route=%2Fwp%2Fv2%2Fcategories&post=33844"},{"taxonomy":"post_tag","embeddable":true,"href":"https:\/\/www.egemtv.com\/index.php?rest_route=%2Fwp%2Fv2%2Ftags&post=33844"}],"curies":[{"name":"wp","href":"https:\/\/api.w.org\/{rel}","templated":true}]}}