{"id":33841,"date":"2025-06-09T12:37:55","date_gmt":"2025-06-09T09:37:55","guid":{"rendered":"https:\/\/www.egemtv.com\/?p=33841"},"modified":"2025-06-09T12:37:58","modified_gmt":"2025-06-09T09:37:58","slug":"devrilen-traktorunun-altinda-hayatini-kaybetti-2","status":"publish","type":"post","link":"https:\/\/www.egemtv.com\/?p=33841","title":{"rendered":"Devrilen trakt\u00f6r\u00fcn\u00fcn alt\u0131nda hayat\u0131n\u0131 kaybetti"},"content":{"rendered":"<p>Manisa\u2019n\u0131n Ala\u015fehir il\u00e7esine ba\u011fl\u0131 Kemaliye Mahallesinde \u00fcz\u00fcm ba\u011f\u0131na \u00e7ift s\u00fcrmeye giden Nuri Turan (42) devrilen trakt\u00f6r\u00fcn\u00fcn alt\u0131nda kalarak olay yerinde hayat\u0131n\u0131 kaybetti.<br \/>\n<br \/>Ala\u015fehir\u2019de \u00e7ift\u00e7ilik yapan Nuri Turan\u2019\u0131n sabaha kar\u015f\u0131 Kemaliye Mahallesindeki \u00fcz\u00fcm ba\u011f\u0131na 45 ZT 385 plakal\u0131 trakt\u00f6r\u00fcyle \u00e7ift s\u00fcrmek i\u00e7in gitti\u011fi \u00f6\u011frenildi. Sabah saat 04.00 s\u0131ralar\u0131nda yan ba\u011fdaki kom\u015fular\u0131 ba\u011flar\u0131na geldi\u011finde Nuri Turan\u2019\u0131 devrilen trakt\u00f6r\u00fcn alt\u0131nda cans\u0131z yatarken buldu. Kazan\u0131n 112 Acil \u00c7a\u011fr\u0131 merkezine bildirilmesinin ard\u0131ndan olay yerine jandarma ve sa\u011fl\u0131k ekipleri sevk edildi. Olay yerinde hayat\u0131n\u0131 kaybeden Nuri Turan\u2019\u0131n cenazesi Ala\u015fehir Devlet Hastanesi morguna kald\u0131r\u0131ld\u0131.<br \/>\n<br \/>Nuri Turan\u2019\u0131n evli ve 1 \u00e7ocuk babas\u0131 oldu\u011fu \u00f6\u011frenildi.<br \/><\/p>\n","protected":false},"excerpt":{"rendered":"<p>Manisa\u2019n\u0131n Ala\u015fehir il\u00e7esine ba\u011fl\u0131 Kemaliye Mahallesinde \u00fcz\u00fcm ba\u011f\u0131na \u00e7ift s\u00fcrmeye giden Nuri Turan (42) devrilen trakt\u00f6r\u00fcn\u00fcn alt\u0131nda kalarak olay yerinde hayat\u0131n\u0131 kaybetti. Ala\u015fehir\u2019de \u00e7ift\u00e7ilik yapan Nuri Turan\u2019\u0131n sabaha kar\u015f\u0131 Kemaliye Mahallesindeki \u00fcz\u00fcm ba\u011f\u0131na 45 ZT 385 plakal\u0131 trakt\u00f6r\u00fcyle \u00e7ift s\u00fcrmek i\u00e7in gitti\u011fi \u00f6\u011frenildi. Sabah saat 04.00 s\u0131ralar\u0131nda yan ba\u011fdaki kom\u015fular\u0131 ba\u011flar\u0131na geldi\u011finde Nuri Turan\u2019\u0131 devrilen&#8230;<\/p>\n","protected":false},"author":1,"featured_media":33842,"comment_status":"open","ping_status":"open","sticky":false,"template":"","format":"standard","meta":{"_crdt_document":"","footnotes":""},"categories":[5],"tags":[],"class_list":["post-33841","post","type-post","status-publish","format-standard","has-post-thumbnail","hentry","category-asayis"],"_links":{"self":[{"href":"https:\/\/www.egemtv.com\/index.php?rest_route=\/wp\/v2\/posts\/33841","targetHints":{"allow":["GET"]}}],"collection":[{"href":"https:\/\/www.egemtv.com\/index.php?rest_route=\/wp\/v2\/posts"}],"about":[{"href":"https:\/\/www.egemtv.com\/index.php?rest_route=\/wp\/v2\/types\/post"}],"author":[{"embeddable":true,"href":"https:\/\/www.egemtv.com\/index.php?rest_route=\/wp\/v2\/users\/1"}],"replies":[{"embeddable":true,"href":"https:\/\/www.egemtv.com\/index.php?rest_route=%2Fwp%2Fv2%2Fcomments&post=33841"}],"version-history":[{"count":1,"href":"https:\/\/www.egemtv.com\/index.php?rest_route=\/wp\/v2\/posts\/33841\/revisions"}],"predecessor-version":[{"id":33843,"href":"https:\/\/www.egemtv.com\/index.php?rest_route=\/wp\/v2\/posts\/33841\/revisions\/33843"}],"wp:featuredmedia":[{"embeddable":true,"href":"https:\/\/www.egemtv.com\/index.php?rest_route=\/wp\/v2\/media\/33842"}],"wp:attachment":[{"href":"https:\/\/www.egemtv.com\/index.php?rest_route=%2Fwp%2Fv2%2Fmedia&parent=33841"}],"wp:term":[{"taxonomy":"category","embeddable":true,"href":"https:\/\/www.egemtv.com\/index.php?rest_route=%2Fwp%2Fv2%2Fcategories&post=33841"},{"taxonomy":"post_tag","embeddable":true,"href":"https:\/\/www.egemtv.com\/index.php?rest_route=%2Fwp%2Fv2%2Ftags&post=33841"}],"curies":[{"name":"wp","href":"https:\/\/api.w.org\/{rel}","templated":true}]}}