{"id":33838,"date":"2025-06-09T12:37:53","date_gmt":"2025-06-09T09:37:53","guid":{"rendered":"https:\/\/www.egemtv.com\/?p=33838"},"modified":"2025-06-09T12:37:55","modified_gmt":"2025-06-09T09:37:55","slug":"ispartada-yarali-bulunan-bahri-kusu-tedavisinin-ardindan-dogaya-salindi","status":"publish","type":"post","link":"https:\/\/www.egemtv.com\/?p=33838","title":{"rendered":"Isparta\u2019da yaral\u0131 bulunan bahri ku\u015fu tedavisinin ard\u0131ndan do\u011faya sal\u0131nd\u0131"},"content":{"rendered":"<p>Isparta\u2019n\u0131n \u015earkikaraa\u011fa\u00e7 il\u00e7esinde yaral\u0131 olarak bulunan bahri ku\u015fu, tedavisinin tamamlanmas\u0131n\u0131n ard\u0131ndan K\u0131z\u0131lda\u011f Milli Park\u0131\u2019nda yeniden do\u011fal ya\u015fam\u0131na b\u0131rak\u0131ld\u0131.<br \/>\n<br \/>Isparta\u2019n\u0131n \u015earkikaraa\u011fa\u00e7 il\u00e7esinde yer alan K\u0131z\u0131lda\u011f Milli Parklar \u015eefli\u011fine vatanda\u015flar taraf\u0131ndan yaral\u0131 halde getirilen bahri ku\u015fu, Do\u011fa Koruma ve Milli Parklar (DKMP) ekiplerinin g\u00f6zetiminde tedavi alt\u0131na al\u0131nd\u0131. Yaban hayat\u0131 uzmanlar\u0131 taraf\u0131ndan yap\u0131lan m\u00fcdahalelerle sa\u011fl\u0131k durumu iyile\u015fen ku\u015f, do\u011fal ya\u015fam alan\u0131 olan K\u0131z\u0131lda\u011f Milli Park\u0131\u2019nda do\u011faya sal\u0131nd\u0131. DKMP ekipleri, yaral\u0131 ya da yard\u0131ma muhta\u00e7 yaban hayvanlar\u0131n\u0131n korunarak tedavi alt\u0131na al\u0131nmas\u0131n\u0131n do\u011fal denge a\u00e7\u0131s\u0131ndan b\u00fcy\u00fck \u00f6nem ta\u015f\u0131d\u0131\u011f\u0131n\u0131 belirtti. Bahri ku\u015funun do\u011faya d\u00f6n\u00fc\u015f\u00fc, \u00e7evreciler ve DKMP ekipleri taraf\u0131ndan memnuniyetle kar\u015f\u0131land\u0131.<\/p>\n","protected":false},"excerpt":{"rendered":"<p>Isparta\u2019n\u0131n \u015earkikaraa\u011fa\u00e7 il\u00e7esinde yaral\u0131 olarak bulunan bahri ku\u015fu, tedavisinin tamamlanmas\u0131n\u0131n ard\u0131ndan K\u0131z\u0131lda\u011f Milli Park\u0131\u2019nda yeniden do\u011fal ya\u015fam\u0131na b\u0131rak\u0131ld\u0131. Isparta\u2019n\u0131n \u015earkikaraa\u011fa\u00e7 il\u00e7esinde yer alan K\u0131z\u0131lda\u011f Milli Parklar \u015eefli\u011fine vatanda\u015flar taraf\u0131ndan yaral\u0131 halde getirilen bahri ku\u015fu, Do\u011fa Koruma ve Milli Parklar (DKMP) ekiplerinin g\u00f6zetiminde tedavi alt\u0131na al\u0131nd\u0131. Yaban hayat\u0131 uzmanlar\u0131 taraf\u0131ndan yap\u0131lan m\u00fcdahalelerle sa\u011fl\u0131k durumu iyile\u015fen ku\u015f,&#8230;<\/p>\n","protected":false},"author":1,"featured_media":33839,"comment_status":"open","ping_status":"open","sticky":false,"template":"","format":"standard","meta":{"_crdt_document":"","footnotes":""},"categories":[1],"tags":[],"class_list":["post-33838","post","type-post","status-publish","format-standard","has-post-thumbnail","hentry","category-guncel"],"_links":{"self":[{"href":"https:\/\/www.egemtv.com\/index.php?rest_route=\/wp\/v2\/posts\/33838","targetHints":{"allow":["GET"]}}],"collection":[{"href":"https:\/\/www.egemtv.com\/index.php?rest_route=\/wp\/v2\/posts"}],"about":[{"href":"https:\/\/www.egemtv.com\/index.php?rest_route=\/wp\/v2\/types\/post"}],"author":[{"embeddable":true,"href":"https:\/\/www.egemtv.com\/index.php?rest_route=\/wp\/v2\/users\/1"}],"replies":[{"embeddable":true,"href":"https:\/\/www.egemtv.com\/index.php?rest_route=%2Fwp%2Fv2%2Fcomments&post=33838"}],"version-history":[{"count":1,"href":"https:\/\/www.egemtv.com\/index.php?rest_route=\/wp\/v2\/posts\/33838\/revisions"}],"predecessor-version":[{"id":33840,"href":"https:\/\/www.egemtv.com\/index.php?rest_route=\/wp\/v2\/posts\/33838\/revisions\/33840"}],"wp:featuredmedia":[{"embeddable":true,"href":"https:\/\/www.egemtv.com\/index.php?rest_route=\/wp\/v2\/media\/33839"}],"wp:attachment":[{"href":"https:\/\/www.egemtv.com\/index.php?rest_route=%2Fwp%2Fv2%2Fmedia&parent=33838"}],"wp:term":[{"taxonomy":"category","embeddable":true,"href":"https:\/\/www.egemtv.com\/index.php?rest_route=%2Fwp%2Fv2%2Fcategories&post=33838"},{"taxonomy":"post_tag","embeddable":true,"href":"https:\/\/www.egemtv.com\/index.php?rest_route=%2Fwp%2Fv2%2Ftags&post=33838"}],"curies":[{"name":"wp","href":"https:\/\/api.w.org\/{rel}","templated":true}]}}