{"id":33835,"date":"2025-06-09T12:15:25","date_gmt":"2025-06-09T09:15:25","guid":{"rendered":"https:\/\/www.egemtv.com\/?p=33835"},"modified":"2025-06-09T12:15:29","modified_gmt":"2025-06-09T09:15:29","slug":"buyuksehir-karahayittaki-yol-calismalarina-devam-ediyor","status":"publish","type":"post","link":"https:\/\/www.egemtv.com\/?p=33835","title":{"rendered":"B\u00fcy\u00fck\u015fehir, Karahay\u0131t\u2019taki yol \u00e7al\u0131\u015fmalar\u0131na devam ediyor"},"content":{"rendered":"<p>Mu\u011fla B\u00fcy\u00fck\u015fehir Belediyesi, Milas il\u00e7esine ba\u011fl\u0131 Karahay\u0131t Mahallesi\u2019nde yol g\u00fcvenli\u011fini art\u0131rmak amac\u0131yla ba\u015flatt\u0131\u011f\u0131 yol geni\u015fletme \u00e7al\u0131\u015fmalar\u0131n\u0131 s\u00fcrd\u00fcr\u00fcyor.<\/p>\n<p>Mahalle sakinlerinden gelen talepler ve yap\u0131lan teknik incelemeler do\u011frultusunda hayata ge\u00e7irilen projede, 14 milyon 250 bin TL b\u00fct\u00e7eyle \u00f6nemli bir ula\u015f\u0131m yat\u0131r\u0131m\u0131 ger\u00e7ekle\u015ftiriliyor. \u00c7al\u0131\u015fmalar tamamland\u0131\u011f\u0131nda, yakla\u015f\u0131k 9 metre geni\u015fli\u011finde yeni bir yol platformu olu\u015fturulacak. Ard\u0131ndan yap\u0131lacak \u00fcstyap\u0131 d\u00fczenlemeleriyle birlikte, Karahay\u0131t Mahallesi sakinlerine daha g\u00fcvenli ve konforlu bir ula\u015f\u0131m imkan\u0131 sunulmas\u0131 hedefleniyor. Mu\u011fla B\u00fcy\u00fck\u015fehir Belediyesi Yol Yap\u0131m Bak\u0131m ve Onar\u0131m Dairesi Ba\u015fkanl\u0131\u011f\u0131nda g\u00f6revli Cem Toprak yol \u00e7al\u0131\u015fmalar\u0131 hakk\u0131nda bilgi vererek, &#8220;Bafa ile Karahay\u0131t mahalleleri aras\u0131nda yer alan mevcut yolun ortalama geni\u015fli\u011fi 4.5 metreydi ve bu durum trafik g\u00fcvenli\u011fi a\u00e7\u0131s\u0131ndan risk olu\u015fturuyordu. Bu kapsamda, 14 milyon 250 bin TL b\u00fct\u00e7eyle ba\u015flatt\u0131\u011f\u0131m\u0131z \u00e7al\u0131\u015fmalarla yol geni\u015fli\u011fini ortalama 9 metreye \u00e7\u0131kar\u0131yor, virajlarda g\u00f6r\u00fc\u015f mesafesini art\u0131r\u0131yor ve yol kaplamas\u0131n\u0131 tamamen yeniliyoruz. Asfalt kaplaman\u0131n da tamamlanmas\u0131yla b\u00f6lgeye daha g\u00fcvenli ve konforlu bir ula\u015f\u0131m g\u00fczergah\u0131 kazand\u0131rm\u0131\u015f olaca\u011f\u0131z&#8221; dedi.<\/p>\n<p>&#8220;Yolumuzun geni\u015fletildi\u011fini g\u00f6rd\u00fc\u011f\u00fcm\u00fczde \u00e7ok sevindik&#8221;<br \/>\n<br \/>Yolun geni\u015fletilmesiyle ula\u015f\u0131m\u0131n daha g\u00fcvenli hale geldi\u011fini belirten mahalle sakini Turan At\u0131c\u0131 da, &#8220;Yolumuz olduk\u00e7a eskiydi ve ciddi sorunlar ya\u015fat\u0131yordu. Geni\u015fletme \u00e7al\u0131\u015fmalar\u0131n\u0131 g\u00f6r\u00fcnce \u00e7ok sevindik. B\u00fcy\u00fck\u015fehir Belediye Ba\u015fkan\u0131m\u0131z Ahmet Aras taleplerimizi dikkate ald\u0131, proje haz\u0131rlanarak h\u0131zla \u00e7al\u0131\u015fmalara ba\u015fland\u0131&#8221; dedi.<\/p>\n<p>Milas Karahay\u0131t Mahalle Muhtar\u0131 Mehmet Ali Y\u0131ld\u0131r\u0131m ise &#8220;Yolumuz yakla\u015f\u0131k 53 y\u0131l \u00f6nce yap\u0131lm\u0131\u015ft\u0131 ve art\u0131k kullan\u0131m \u00f6mr\u00fcn\u00fc tamamlam\u0131\u015ft\u0131. Geni\u015fletilip yenilenmesi i\u00e7in B\u00fcy\u00fck\u015fehir Belediyemize dilek\u00e7eyle ba\u015fvurduk. Ba\u015fkan\u0131m\u0131z Ahmet Aras\u2019\u0131n talimat\u0131yla ekipler b\u00f6lgeye gelerek \u00e7al\u0131\u015fmalara ba\u015flad\u0131. Virajl\u0131 b\u00f6l\u00fcmler g\u00f6r\u00fc\u015fe a\u00e7\u0131ld\u0131, e\u011fimli alanlarda dolgu \u00e7al\u0131\u015fmalar\u0131 yap\u0131ld\u0131. \u00c7al\u0131\u015fmalar h\u0131zla devam ediyor. Bu yat\u0131r\u0131m i\u00e7in Mu\u011fla B\u00fcy\u00fck\u015fehir Belediye Ba\u015fkan\u0131m\u0131z Ahmet Aras\u2019a ve eme\u011fi ge\u00e7en herkese te\u015fekk\u00fcr ediyorum&#8221; \u015feklinde konu\u015ftu.<\/p>\n<p>&#8220;Vatanda\u015flar\u0131m\u0131z\u0131n ya\u015fam kalitesini art\u0131rmak i\u00e7in aral\u0131ks\u0131z \u00e7al\u0131\u015f\u0131yoruz&#8221;<br \/>\n<br \/>K\u0131y\u0131 Ege Belediyeler Birli\u011fi ve Mu\u011fla B\u00fcy\u00fck\u015fehir Belediye Ba\u015fkan\u0131 Ahmet Aras, &#8220;Mu\u011fla\u2019n\u0131n her k\u00f6\u015fesinde, vatanda\u015flar\u0131m\u0131z\u0131n ya\u015fam kalitesini art\u0131rmak i\u00e7in aral\u0131ks\u0131z \u00e7al\u0131\u015f\u0131yoruz. Milas il\u00e7emize ba\u011fl\u0131 Karahay\u0131t Mahallesi\u2019nde ba\u015flatt\u0131\u011f\u0131m\u0131z yol geni\u015fletme ve yenileme \u00e7al\u0131\u015fmalar\u0131 da bu anlay\u0131\u015f\u0131m\u0131z\u0131n bir par\u00e7as\u0131d\u0131r. Mu\u011fla B\u00fcy\u00fck\u015fehir Belediyesi olarak, Mu\u011fla\u2019m\u0131z\u0131n her noktas\u0131na hizmet g\u00f6t\u00fcrmeyi kendimize g\u00f6rev edindik. E\u015fit ve adil hizmet anlay\u0131\u015f\u0131yla \u00e7al\u0131\u015f\u0131yoruz. Daha g\u00fcvenli, modern ve ula\u015f\u0131labilir bir Mu\u011fla i\u00e7in \u00e7al\u0131\u015fmaya devam edece\u011fiz&#8221; dedi.<br \/><\/p>\n","protected":false},"excerpt":{"rendered":"<p>Mu\u011fla B\u00fcy\u00fck\u015fehir Belediyesi, Milas il\u00e7esine ba\u011fl\u0131 Karahay\u0131t Mahallesi\u2019nde yol g\u00fcvenli\u011fini art\u0131rmak amac\u0131yla ba\u015flatt\u0131\u011f\u0131 yol geni\u015fletme \u00e7al\u0131\u015fmalar\u0131n\u0131 s\u00fcrd\u00fcr\u00fcyor. Mahalle sakinlerinden gelen talepler ve yap\u0131lan teknik incelemeler do\u011frultusunda hayata ge\u00e7irilen projede, 14 milyon 250 bin TL b\u00fct\u00e7eyle \u00f6nemli bir ula\u015f\u0131m yat\u0131r\u0131m\u0131 ger\u00e7ekle\u015ftiriliyor. \u00c7al\u0131\u015fmalar tamamland\u0131\u011f\u0131nda, yakla\u015f\u0131k 9 metre geni\u015fli\u011finde yeni bir yol platformu olu\u015fturulacak. Ard\u0131ndan yap\u0131lacak \u00fcstyap\u0131 d\u00fczenlemeleriyle&#8230;<\/p>\n","protected":false},"author":1,"featured_media":33836,"comment_status":"open","ping_status":"open","sticky":false,"template":"","format":"standard","meta":{"_crdt_document":"","footnotes":""},"categories":[1],"tags":[],"class_list":["post-33835","post","type-post","status-publish","format-standard","has-post-thumbnail","hentry","category-guncel"],"_links":{"self":[{"href":"https:\/\/www.egemtv.com\/index.php?rest_route=\/wp\/v2\/posts\/33835","targetHints":{"allow":["GET"]}}],"collection":[{"href":"https:\/\/www.egemtv.com\/index.php?rest_route=\/wp\/v2\/posts"}],"about":[{"href":"https:\/\/www.egemtv.com\/index.php?rest_route=\/wp\/v2\/types\/post"}],"author":[{"embeddable":true,"href":"https:\/\/www.egemtv.com\/index.php?rest_route=\/wp\/v2\/users\/1"}],"replies":[{"embeddable":true,"href":"https:\/\/www.egemtv.com\/index.php?rest_route=%2Fwp%2Fv2%2Fcomments&post=33835"}],"version-history":[{"count":1,"href":"https:\/\/www.egemtv.com\/index.php?rest_route=\/wp\/v2\/posts\/33835\/revisions"}],"predecessor-version":[{"id":33837,"href":"https:\/\/www.egemtv.com\/index.php?rest_route=\/wp\/v2\/posts\/33835\/revisions\/33837"}],"wp:featuredmedia":[{"embeddable":true,"href":"https:\/\/www.egemtv.com\/index.php?rest_route=\/wp\/v2\/media\/33836"}],"wp:attachment":[{"href":"https:\/\/www.egemtv.com\/index.php?rest_route=%2Fwp%2Fv2%2Fmedia&parent=33835"}],"wp:term":[{"taxonomy":"category","embeddable":true,"href":"https:\/\/www.egemtv.com\/index.php?rest_route=%2Fwp%2Fv2%2Fcategories&post=33835"},{"taxonomy":"post_tag","embeddable":true,"href":"https:\/\/www.egemtv.com\/index.php?rest_route=%2Fwp%2Fv2%2Ftags&post=33835"}],"curies":[{"name":"wp","href":"https:\/\/api.w.org\/{rel}","templated":true}]}}