{"id":33832,"date":"2025-06-09T11:36:12","date_gmt":"2025-06-09T08:36:12","guid":{"rendered":"https:\/\/www.egemtv.com\/?p=33832"},"modified":"2025-06-09T11:36:15","modified_gmt":"2025-06-09T08:36:15","slug":"baskan-erkan-ozkana-bayramda-baklavali-borekli-surpriz","status":"publish","type":"post","link":"https:\/\/www.egemtv.com\/?p=33832","title":{"rendered":"Ba\u015fkan Erkan \u00d6zkan\u2019a bayramda baklaval\u0131 b\u00f6rekli s\u00fcrpriz"},"content":{"rendered":"<p>Kurban Bayram\u0131 dolay\u0131s\u0131yla belli ba\u015fl\u0131 taksi duraklar\u0131n\u0131 ziyaret eden \u0130zmir \u015eof\u00f6rler ve Otomobilciler Esnaf Odas\u0131 Ba\u015fkan\u0131 Erkan \u00d6zkan, sahada esnafla bayramla\u015farak hem dayan\u0131\u015fma mesaj\u0131 verdi hem de g\u00f6n\u00fclleri kazand\u0131.<br \/>\n<br \/>\u0130zmir \u015eof\u00f6rler ve Otomobilciler Esnaf Odas\u0131 Ba\u015fkan\u0131 Erkan \u00d6zkan ve heyeti esnaf ile bayramla\u015ft\u0131. Ba\u015fkan Erkan \u00d6zkan, ziyaret etti\u011fi taksi dura\u011f\u0131nda esnaf arkada\u015flar\u0131 taraf\u0131ndan baklava ve b\u00f6reklerle kar\u015f\u0131land\u0131. Bu samimi s\u00fcrpriz, bayram\u0131n anlam\u0131na yak\u0131\u015f\u0131r bir tablo olu\u015fturdu. Ziyaret s\u0131ras\u0131nda Kurban Bayram\u0131\u2019n\u0131n ta\u015f\u0131d\u0131\u011f\u0131 manevi de\u011ferlere de dikkat \u00e7eken Ba\u015fkan Erkan \u00d6zkan, bayramlar\u0131n sadece dini vecibelerle de\u011fil, toplumsal birliktelikle anlam kazand\u0131\u011f\u0131n\u0131. Kurban Bayram\u0131; payla\u015fman\u0131n, karde\u015fli\u011fin, birlik ve beraberli\u011fin en yo\u011fun \u015fekilde ya\u015fand\u0131\u011f\u0131 \u00e7ok k\u0131ymetli bir zamand\u0131r. Biz de bu anlay\u0131\u015fla esnaf\u0131m\u0131zla bir araya geliyoruz, ekme\u011fimizi, duygular\u0131m\u0131z\u0131 payla\u015f\u0131yoruz. Bu ruhu canl\u0131 tutmak hepimizin g\u00f6revi&#8221; dedi.<\/p>\n<p>Esnaftan ba\u015fkanlar\u0131na s\u00fcrpriz<br \/>\n<br \/>Durak ziyareti s\u0131ras\u0131nda esnaf\u0131n Ba\u015fkan Erkan \u00d6zkan\u2019a yapt\u0131\u011f\u0131 jest duygusal anlara sahne oldu.<br \/>\n<br \/>&#8220;Ba\u015fkan\u0131m, ziyaretlerinizde eksik olmay\u0131n hep siz bize bir \u015feyler getiriyorsunuz. Bu kez de biz size bir \u015feyler ikram edelim istedik&#8221; diyerek baklava ve b\u00f6rek ikram\u0131nda bulunan taksici esnaf\u0131, Ba\u015fkan\u2019a olan ba\u011fl\u0131l\u0131klar\u0131n\u0131 ve takdirlerini g\u00f6sterdi.<\/p>\n<p>&#8220;\u015eof\u00f6r esnaf\u0131 bizim olmazsa olmaz\u0131m\u0131zd\u0131r&#8221;<br \/>\n<br \/>Ziyaret s\u0131ras\u0131nda taksi \u015fof\u00f6rlerine \u00f6zel bir te\u015fekk\u00fcr de ileten Ba\u015fkan Erkan \u00d6zkan, &#8220;G\u00f6rev s\u00fcresi boyunca sadece plaka sahipleriyle de\u011fil, direksiyon ba\u015f\u0131ndaki \u015fof\u00f6rlerle de birebir ilgileniyoruz. Biz g\u00f6reve geldi\u011fimiz sekiz ay boyunca, sadece ruhsat sahiplerinin de\u011fil, taksi direksiyonundaki karde\u015flerimizin de yan\u0131nda olduk. Oy kullanam\u0131yor olabilirler ama bu camian\u0131n y\u00fck\u00fcn\u00fc ta\u015f\u0131yan onlar. Bizim i\u00e7in onlar da en az ruhsat sahipleri kadar de\u011ferlidir. K\u0131\u015f aylar\u0131nda sabah\u0131n erken saatlerinde onlara s\u0131cak \u00e7orba ula\u015ft\u0131rd\u0131k, taleplerini dinledik, dertlerine ortak olduk. \u00c7\u00fcnk\u00fc biz farkl\u0131 bir y\u00f6netim anlay\u0131\u015f\u0131yla geldik. Esnaf\u0131 yerinde anlayan, sahada \u00e7\u00f6z\u00fcm \u00fcreten bir oda y\u00f6netimiyiz&#8221; ifadelerini kulland\u0131.<\/p>\n<p>&#8220;Masa ba\u015f\u0131ndan de\u011fil, ayakta ve sahada y\u00f6netiyoruz&#8221;<br \/>\n<br \/>Ba\u015fkan \u00d6zkan, klasik oda y\u00f6neticili\u011finden farkl\u0131 bir g\u00f6r\u00fcnt\u00fc \u00e7izdi\u011fini ifade ederek \u015fu s\u00f6zleri kaydetti:<br \/>\n<br \/>&#8220;Ya\u011fmur, \u00e7amur, bayram, seyran demeden \u00e7al\u0131\u015f\u0131yoruz. Biz bu i\u015fi masa ba\u015f\u0131ndan de\u011fil, esnaf\u0131n aya\u011f\u0131na giderek, yan\u0131nda durarak yap\u0131yoruz. G\u00f6reve geldi\u011fimiz g\u00fcnden bu yana hep sahadayd\u0131k, sahada olmaya devam edece\u011fiz.&#8221;<br \/>\n<br \/>Ziyaretin sonunda Ba\u015fkan Erkan \u00d6zkan, esnaf camias\u0131n\u0131n ve t\u00fcm vatanda\u015flar\u0131n Kurban Bayram\u0131\u2019n\u0131 kutlayarak, daha g\u00fc\u00e7l\u00fc bir dayan\u0131\u015fma ve beraberlik i\u00e7in \u00e7al\u0131\u015fmalar\u0131na aral\u0131ks\u0131z devam edeceklerini belirtti.<br \/><\/p>\n","protected":false},"excerpt":{"rendered":"<p>Kurban Bayram\u0131 dolay\u0131s\u0131yla belli ba\u015fl\u0131 taksi duraklar\u0131n\u0131 ziyaret eden \u0130zmir \u015eof\u00f6rler ve Otomobilciler Esnaf Odas\u0131 Ba\u015fkan\u0131 Erkan \u00d6zkan, sahada esnafla bayramla\u015farak hem dayan\u0131\u015fma mesaj\u0131 verdi hem de g\u00f6n\u00fclleri kazand\u0131. \u0130zmir \u015eof\u00f6rler ve Otomobilciler Esnaf Odas\u0131 Ba\u015fkan\u0131 Erkan \u00d6zkan ve heyeti esnaf ile bayramla\u015ft\u0131. Ba\u015fkan Erkan \u00d6zkan, ziyaret etti\u011fi taksi dura\u011f\u0131nda esnaf arkada\u015flar\u0131 taraf\u0131ndan baklava ve&#8230;<\/p>\n","protected":false},"author":1,"featured_media":33833,"comment_status":"open","ping_status":"open","sticky":false,"template":"","format":"standard","meta":{"_crdt_document":"","footnotes":""},"categories":[1],"tags":[],"class_list":["post-33832","post","type-post","status-publish","format-standard","has-post-thumbnail","hentry","category-guncel"],"_links":{"self":[{"href":"https:\/\/www.egemtv.com\/index.php?rest_route=\/wp\/v2\/posts\/33832","targetHints":{"allow":["GET"]}}],"collection":[{"href":"https:\/\/www.egemtv.com\/index.php?rest_route=\/wp\/v2\/posts"}],"about":[{"href":"https:\/\/www.egemtv.com\/index.php?rest_route=\/wp\/v2\/types\/post"}],"author":[{"embeddable":true,"href":"https:\/\/www.egemtv.com\/index.php?rest_route=\/wp\/v2\/users\/1"}],"replies":[{"embeddable":true,"href":"https:\/\/www.egemtv.com\/index.php?rest_route=%2Fwp%2Fv2%2Fcomments&post=33832"}],"version-history":[{"count":1,"href":"https:\/\/www.egemtv.com\/index.php?rest_route=\/wp\/v2\/posts\/33832\/revisions"}],"predecessor-version":[{"id":33834,"href":"https:\/\/www.egemtv.com\/index.php?rest_route=\/wp\/v2\/posts\/33832\/revisions\/33834"}],"wp:featuredmedia":[{"embeddable":true,"href":"https:\/\/www.egemtv.com\/index.php?rest_route=\/wp\/v2\/media\/33833"}],"wp:attachment":[{"href":"https:\/\/www.egemtv.com\/index.php?rest_route=%2Fwp%2Fv2%2Fmedia&parent=33832"}],"wp:term":[{"taxonomy":"category","embeddable":true,"href":"https:\/\/www.egemtv.com\/index.php?rest_route=%2Fwp%2Fv2%2Fcategories&post=33832"},{"taxonomy":"post_tag","embeddable":true,"href":"https:\/\/www.egemtv.com\/index.php?rest_route=%2Fwp%2Fv2%2Ftags&post=33832"}],"curies":[{"name":"wp","href":"https:\/\/api.w.org\/{rel}","templated":true}]}}