{"id":33826,"date":"2025-06-09T11:36:09","date_gmt":"2025-06-09T08:36:09","guid":{"rendered":"https:\/\/www.egemtv.com\/?p=33826"},"modified":"2025-06-09T11:36:10","modified_gmt":"2025-06-09T08:36:10","slug":"izmirde-17-yasindaki-calisanin-burnu-isirilarak-koparildi","status":"publish","type":"post","link":"https:\/\/www.egemtv.com\/?p=33826","title":{"rendered":"\u0130zmir\u2019de 17 ya\u015f\u0131ndaki \u00e7al\u0131\u015fan\u0131n burnu \u0131s\u0131r\u0131larak kopar\u0131ld\u0131"},"content":{"rendered":"<p>\u0130zmir\u2019in turistik il\u00e7esi \u00c7e\u015fme\u2019de, bir pastanede \u00e7\u0131kan kavga sonucunda 17 ya\u015f\u0131ndaki bir \u00e7al\u0131\u015fan\u0131n burnu \u0131s\u0131r\u0131larak kopar\u0131ld\u0131.<br \/>\n<br \/>Olay, \u00f6nceki ak\u015fam \u00c7e\u015fme il\u00e7esi Cumhuriyet Meydan\u0131\u2019nda meydana geldi. \u0130ddiaya g\u00f6re tuvalet kullan\u0131m\u0131 nedeniyle be\u015f ki\u015filik bir grup ile pastane \u00e7al\u0131\u015fanlar\u0131 aras\u0131nda \u00e7\u0131kan tart\u0131\u015fma, k\u0131sa s\u00fcrede kavgaya d\u00f6n\u00fc\u015ft\u00fc. Olay s\u0131ras\u0131nda gruptaki 28 ya\u015f\u0131ndaki M.K., 17 ya\u015f\u0131ndaki pastane \u00e7al\u0131\u015fan\u0131n\u0131 hedef alarak burnunu \u0131s\u0131rarak kopard\u0131. \u0130hbar \u00fczerine b\u00f6lgeye polis ve sa\u011fl\u0131k ekipleri sevk edildi. Kanlar i\u00e7inde kalan \u00e7al\u0131\u015fan, sa\u011fl\u0131k ekiplerinin olay yerindeki ilk m\u00fcdahalesinin ard\u0131ndan Dokuz Eyl\u00fcl \u00dcniversitesi Hastanesi\u2019ne kald\u0131r\u0131ld\u0131. Burada ger\u00e7ekle\u015ftirilen ba\u015far\u0131l\u0131 operasyonla kopan burun dokusu yerine dikilirken gencin sa\u011fl\u0131k durumunun ciddiyetini korudu\u011fu \u00f6\u011frenildi. Polis ekipleri olaya kar\u0131\u015fan be\u015f ki\u015fiyi g\u00f6zalt\u0131na ald\u0131. Emniyetteki i\u015flemlerinin ard\u0131ndan adli makamlara sevk edilen \u015f\u00fcphelilerden M.K., &#8220;kasten yaralama&#8221; su\u00e7lamas\u0131yla tutuklan\u0131rken, di\u011fer d\u00f6rt ki\u015fi adli kontrol \u015fart\u0131yla serbest b\u0131rak\u0131ld\u0131. Olayla ilgili soru\u015fturma s\u00fcr\u00fcyor.<br \/><\/p>\n","protected":false},"excerpt":{"rendered":"<p>\u0130zmir\u2019in turistik il\u00e7esi \u00c7e\u015fme\u2019de, bir pastanede \u00e7\u0131kan kavga sonucunda 17 ya\u015f\u0131ndaki bir \u00e7al\u0131\u015fan\u0131n burnu \u0131s\u0131r\u0131larak kopar\u0131ld\u0131. Olay, \u00f6nceki ak\u015fam \u00c7e\u015fme il\u00e7esi Cumhuriyet Meydan\u0131\u2019nda meydana geldi. \u0130ddiaya g\u00f6re tuvalet kullan\u0131m\u0131 nedeniyle be\u015f ki\u015filik bir grup ile pastane \u00e7al\u0131\u015fanlar\u0131 aras\u0131nda \u00e7\u0131kan tart\u0131\u015fma, k\u0131sa s\u00fcrede kavgaya d\u00f6n\u00fc\u015ft\u00fc. Olay s\u0131ras\u0131nda gruptaki 28 ya\u015f\u0131ndaki M.K., 17 ya\u015f\u0131ndaki pastane \u00e7al\u0131\u015fan\u0131n\u0131 hedef&#8230;<\/p>\n","protected":false},"author":1,"featured_media":33827,"comment_status":"open","ping_status":"open","sticky":false,"template":"","format":"standard","meta":{"_crdt_document":"","footnotes":""},"categories":[5],"tags":[],"class_list":["post-33826","post","type-post","status-publish","format-standard","has-post-thumbnail","hentry","category-asayis"],"_links":{"self":[{"href":"https:\/\/www.egemtv.com\/index.php?rest_route=\/wp\/v2\/posts\/33826","targetHints":{"allow":["GET"]}}],"collection":[{"href":"https:\/\/www.egemtv.com\/index.php?rest_route=\/wp\/v2\/posts"}],"about":[{"href":"https:\/\/www.egemtv.com\/index.php?rest_route=\/wp\/v2\/types\/post"}],"author":[{"embeddable":true,"href":"https:\/\/www.egemtv.com\/index.php?rest_route=\/wp\/v2\/users\/1"}],"replies":[{"embeddable":true,"href":"https:\/\/www.egemtv.com\/index.php?rest_route=%2Fwp%2Fv2%2Fcomments&post=33826"}],"version-history":[{"count":1,"href":"https:\/\/www.egemtv.com\/index.php?rest_route=\/wp\/v2\/posts\/33826\/revisions"}],"predecessor-version":[{"id":33828,"href":"https:\/\/www.egemtv.com\/index.php?rest_route=\/wp\/v2\/posts\/33826\/revisions\/33828"}],"wp:featuredmedia":[{"embeddable":true,"href":"https:\/\/www.egemtv.com\/index.php?rest_route=\/wp\/v2\/media\/33827"}],"wp:attachment":[{"href":"https:\/\/www.egemtv.com\/index.php?rest_route=%2Fwp%2Fv2%2Fmedia&parent=33826"}],"wp:term":[{"taxonomy":"category","embeddable":true,"href":"https:\/\/www.egemtv.com\/index.php?rest_route=%2Fwp%2Fv2%2Fcategories&post=33826"},{"taxonomy":"post_tag","embeddable":true,"href":"https:\/\/www.egemtv.com\/index.php?rest_route=%2Fwp%2Fv2%2Ftags&post=33826"}],"curies":[{"name":"wp","href":"https:\/\/api.w.org\/{rel}","templated":true}]}}