{"id":33823,"date":"2025-06-09T11:36:04","date_gmt":"2025-06-09T08:36:04","guid":{"rendered":"https:\/\/www.egemtv.com\/?p=33823"},"modified":"2025-06-09T11:36:09","modified_gmt":"2025-06-09T08:36:09","slug":"kocarlida-ormanlik-ve-piknik-alanlari-denetlendi","status":"publish","type":"post","link":"https:\/\/www.egemtv.com\/?p=33823","title":{"rendered":"Ko\u00e7arl\u0131\u2019da ormanl\u0131k ve piknik alanlar\u0131 denetlendi"},"content":{"rendered":"<p>Ayd\u0131n\u2019\u0131n Ko\u00e7arl\u0131 il\u00e7esinde jadarma ekipleri, muhtemel orman yang\u0131nlar\u0131 sebebiyle giri\u015fi yasak olan alanlardarda denetim ger\u00e7ekle\u015ftirdi.<\/p>\n<p>Havalar\u0131n \u0131s\u0131nmas\u0131yla birlikte orman yang\u0131n\u0131 riski artarken Ayd\u0131n Valili\u011fi taraf\u0131ndan al\u0131nan karar ile il genelinde bulunan ormanl\u0131k alanlara giri\u015f \u00e7\u0131k\u0131\u015flar yasakland\u0131. Ayd\u0131n Valili\u011fince al\u0131nan kararlar kapsam\u0131nda il s\u0131n\u0131rlar\u0131 i\u00e7erisinde bulunan ormanl\u0131k alanlara giri\u015f ve \u00e7\u0131k\u0131\u015flar 1 Haziran 2025 ile 31 Ekim 2025 tarihleri aras\u0131nda yasakland\u0131. Kontrollerini s\u0131kla\u015ft\u0131ran Ayd\u0131n \u0130l Jandarma Komutanl\u0131\u011f\u0131 ekipleri, Ko\u00e7arl\u0131 il\u00e7esinde denetim ger\u00e7ekle\u015ftirdi. Ko\u00e7arl\u0131 Mersinbelen Jandarma Karakol Komutanl\u0131\u011f\u0131 taraf\u0131ndan ger\u00e7ekle\u015ftirilen denetimlerde, orman yang\u0131nlar\u0131n\u0131n \u00f6nlenmesi kapsam\u0131nda ormanl\u0131k alanlar ve piknik alanlar\u0131 kontrol edildi. Ayr\u0131ca kontrollerin aral\u0131ks\u0131z s\u00fcrd\u00fc\u011f\u00fcne dikkat \u00e7ekilirken, ormanl\u0131k alanlar\u0131n devriyenin yan\u0131 s\u0131ra teknolojik ara\u00e7larla da g\u00f6zetim alt\u0131nda oldu\u011fu hat\u0131rlat\u0131ld\u0131.<br \/><\/p>\n","protected":false},"excerpt":{"rendered":"<p>Ayd\u0131n\u2019\u0131n Ko\u00e7arl\u0131 il\u00e7esinde jadarma ekipleri, muhtemel orman yang\u0131nlar\u0131 sebebiyle giri\u015fi yasak olan alanlardarda denetim ger\u00e7ekle\u015ftirdi. Havalar\u0131n \u0131s\u0131nmas\u0131yla birlikte orman yang\u0131n\u0131 riski artarken Ayd\u0131n Valili\u011fi taraf\u0131ndan al\u0131nan karar ile il genelinde bulunan ormanl\u0131k alanlara giri\u015f \u00e7\u0131k\u0131\u015flar yasakland\u0131. Ayd\u0131n Valili\u011fince al\u0131nan kararlar kapsam\u0131nda il s\u0131n\u0131rlar\u0131 i\u00e7erisinde bulunan ormanl\u0131k alanlara giri\u015f ve \u00e7\u0131k\u0131\u015flar 1 Haziran 2025 ile 31&#8230;<\/p>\n","protected":false},"author":1,"featured_media":33824,"comment_status":"open","ping_status":"open","sticky":false,"template":"","format":"standard","meta":{"_crdt_document":"","footnotes":""},"categories":[5],"tags":[],"class_list":["post-33823","post","type-post","status-publish","format-standard","has-post-thumbnail","hentry","category-asayis"],"_links":{"self":[{"href":"https:\/\/www.egemtv.com\/index.php?rest_route=\/wp\/v2\/posts\/33823","targetHints":{"allow":["GET"]}}],"collection":[{"href":"https:\/\/www.egemtv.com\/index.php?rest_route=\/wp\/v2\/posts"}],"about":[{"href":"https:\/\/www.egemtv.com\/index.php?rest_route=\/wp\/v2\/types\/post"}],"author":[{"embeddable":true,"href":"https:\/\/www.egemtv.com\/index.php?rest_route=\/wp\/v2\/users\/1"}],"replies":[{"embeddable":true,"href":"https:\/\/www.egemtv.com\/index.php?rest_route=%2Fwp%2Fv2%2Fcomments&post=33823"}],"version-history":[{"count":1,"href":"https:\/\/www.egemtv.com\/index.php?rest_route=\/wp\/v2\/posts\/33823\/revisions"}],"predecessor-version":[{"id":33825,"href":"https:\/\/www.egemtv.com\/index.php?rest_route=\/wp\/v2\/posts\/33823\/revisions\/33825"}],"wp:featuredmedia":[{"embeddable":true,"href":"https:\/\/www.egemtv.com\/index.php?rest_route=\/wp\/v2\/media\/33824"}],"wp:attachment":[{"href":"https:\/\/www.egemtv.com\/index.php?rest_route=%2Fwp%2Fv2%2Fmedia&parent=33823"}],"wp:term":[{"taxonomy":"category","embeddable":true,"href":"https:\/\/www.egemtv.com\/index.php?rest_route=%2Fwp%2Fv2%2Fcategories&post=33823"},{"taxonomy":"post_tag","embeddable":true,"href":"https:\/\/www.egemtv.com\/index.php?rest_route=%2Fwp%2Fv2%2Ftags&post=33823"}],"curies":[{"name":"wp","href":"https:\/\/api.w.org\/{rel}","templated":true}]}}