{"id":33520,"date":"2025-06-06T20:56:37","date_gmt":"2025-06-06T17:56:37","guid":{"rendered":"https:\/\/www.egemtv.com\/?p=33520"},"modified":"2025-06-06T20:56:41","modified_gmt":"2025-06-06T17:56:41","slug":"albay-aldemir-mehmetcikleri-unutmadi-aydin-jandarmasi-bayramlasti","status":"publish","type":"post","link":"https:\/\/www.egemtv.com\/?p=33520","title":{"rendered":"Albay Aldemir, mehmet\u00e7ikleri unutmad\u0131, Ayd\u0131n jandarmas\u0131 bayramla\u015ft\u0131"},"content":{"rendered":"<p>Ayd\u0131n \u0130l Jandarma Komutanl\u0131\u011f\u0131\u2019nda d\u00fczenlenen t\u00f6renle vatani g\u00f6revlerini Ayd\u0131n\u2019da yapan mehmet\u00e7ikler bayramla\u015ft\u0131.<\/p>\n<p>\u00dclke genelinde oldu\u011fu gibi Ayd\u0131n\u2019da da bayram ziyaretleri sabah\u0131n erken saatlerinden itibaren ba\u015flarken, Ayd\u0131n \u0130l Jandarma Komutanl\u0131\u011f\u0131 koordinesinde anlaml\u0131 bir t\u00f6ren d\u00fczenlendi. Vatani g\u00f6revlerini Ayd\u0131n\u2019da yapan mehmet\u00e7ikler, d\u00fczenlenen t\u00f6rende bir araya gelerek bayramla\u015ft\u0131. Ayd\u0131n \u0130l Jandarma Komutan\u0131 Jandarma Albay Ali Naci Aldemir de, ailelerin emaneti mehmet\u00e7ikleri yaln\u0131z b\u0131rakmad\u0131. \u0130l Jandarma Komutan\u0131 Aldemir, mehmet\u00e7iklerle tek tek selamla\u015farak bayramlar\u0131n\u0131 kutlad\u0131.<br \/>\n<br \/>Konu ile ilgili Ayd\u0131n \u0130l Jandarma Komutanl\u0131\u011f\u0131\u2019ndan yap\u0131lan a\u00e7\u0131klamada &#8220;De\u011ferli anne ve babalar\u0131m\u0131z\u0131n k\u0131ymetlileri,g\u00f6zbebekleri bizlere emaneti olan mehmet\u00e7ilerimiz \u0130l Jandarma Komutan\u0131m\u0131z Jandarma Albay Ali Naci Aldemir, mehmet\u00e7iklerimiz ile bayramla\u015ft\u0131. Birlik ve beraberli\u011fimizi daim olsun. Bayram\u0131m\u0131z m\u00fcbarek olsun&#8221; ifadeleri yer ald\u0131.<br \/><\/p>\n","protected":false},"excerpt":{"rendered":"<p>Ayd\u0131n \u0130l Jandarma Komutanl\u0131\u011f\u0131\u2019nda d\u00fczenlenen t\u00f6renle vatani g\u00f6revlerini Ayd\u0131n\u2019da yapan mehmet\u00e7ikler bayramla\u015ft\u0131. \u00dclke genelinde oldu\u011fu gibi Ayd\u0131n\u2019da da bayram ziyaretleri sabah\u0131n erken saatlerinden itibaren ba\u015flarken, Ayd\u0131n \u0130l Jandarma Komutanl\u0131\u011f\u0131 koordinesinde anlaml\u0131 bir t\u00f6ren d\u00fczenlendi. Vatani g\u00f6revlerini Ayd\u0131n\u2019da yapan mehmet\u00e7ikler, d\u00fczenlenen t\u00f6rende bir araya gelerek bayramla\u015ft\u0131. Ayd\u0131n \u0130l Jandarma Komutan\u0131 Jandarma Albay Ali Naci Aldemir de,&#8230;<\/p>\n","protected":false},"author":1,"featured_media":33521,"comment_status":"open","ping_status":"open","sticky":false,"template":"","format":"standard","meta":{"_crdt_document":"","footnotes":""},"categories":[5],"tags":[],"class_list":["post-33520","post","type-post","status-publish","format-standard","has-post-thumbnail","hentry","category-asayis"],"_links":{"self":[{"href":"https:\/\/www.egemtv.com\/index.php?rest_route=\/wp\/v2\/posts\/33520","targetHints":{"allow":["GET"]}}],"collection":[{"href":"https:\/\/www.egemtv.com\/index.php?rest_route=\/wp\/v2\/posts"}],"about":[{"href":"https:\/\/www.egemtv.com\/index.php?rest_route=\/wp\/v2\/types\/post"}],"author":[{"embeddable":true,"href":"https:\/\/www.egemtv.com\/index.php?rest_route=\/wp\/v2\/users\/1"}],"replies":[{"embeddable":true,"href":"https:\/\/www.egemtv.com\/index.php?rest_route=%2Fwp%2Fv2%2Fcomments&post=33520"}],"version-history":[{"count":1,"href":"https:\/\/www.egemtv.com\/index.php?rest_route=\/wp\/v2\/posts\/33520\/revisions"}],"predecessor-version":[{"id":33522,"href":"https:\/\/www.egemtv.com\/index.php?rest_route=\/wp\/v2\/posts\/33520\/revisions\/33522"}],"wp:featuredmedia":[{"embeddable":true,"href":"https:\/\/www.egemtv.com\/index.php?rest_route=\/wp\/v2\/media\/33521"}],"wp:attachment":[{"href":"https:\/\/www.egemtv.com\/index.php?rest_route=%2Fwp%2Fv2%2Fmedia&parent=33520"}],"wp:term":[{"taxonomy":"category","embeddable":true,"href":"https:\/\/www.egemtv.com\/index.php?rest_route=%2Fwp%2Fv2%2Fcategories&post=33520"},{"taxonomy":"post_tag","embeddable":true,"href":"https:\/\/www.egemtv.com\/index.php?rest_route=%2Fwp%2Fv2%2Ftags&post=33520"}],"curies":[{"name":"wp","href":"https:\/\/api.w.org\/{rel}","templated":true}]}}