{"id":33517,"date":"2025-06-06T20:56:32","date_gmt":"2025-06-06T17:56:32","guid":{"rendered":"https:\/\/www.egemtv.com\/?p=33517"},"modified":"2025-06-06T20:56:37","modified_gmt":"2025-06-06T17:56:37","slug":"gokova-kavsaginda-kaza-biri-agir-2-yarali","status":"publish","type":"post","link":"https:\/\/www.egemtv.com\/?p=33517","title":{"rendered":"G\u00f6kova kav\u015fa\u011f\u0131nda kaza: biri a\u011f\u0131r 2 yaral\u0131"},"content":{"rendered":"<p>Mu\u011fla\u2019n\u0131n Ula il\u00e7esi G\u00f6kova kav\u015fa\u011f\u0131nda iki arac\u0131n kar\u0131\u015ft\u0131\u011f\u0131 trafik kazas\u0131nda biri a\u011f\u0131r olmak \u00fczere iki ki\u015fi yaraland\u0131.<br \/>\n<br \/>Kaza, Ak\u00e7ap\u0131nar Mahallesi\u2019nden ana yola \u00e7\u0131kmak isteyen bir arac\u0131n, Marmaris istikametinden gelen ba\u015fka bir ara\u00e7la \u00e7arp\u0131\u015fmas\u0131 sonucu meydana geldi. \u015eiddetli \u00e7arp\u0131\u015fman\u0131n etkisiyle iki ara\u00e7 yakla\u015f\u0131k 30 metre s\u00fcr\u00fcklendi.<br \/>\n<br \/>112 Acil \u00c7a\u011fr\u0131 Merkezine yap\u0131lan ihbar \u00fczerine olay yerine jandarma, trafik polisi ve 112 ambulans ekipleri sevk edildi. Kazada her iki arac\u0131n s\u00fcr\u00fcc\u00fcs\u00fc de yaraland\u0131. Yaral\u0131lardan birinin durumunun a\u011f\u0131r, di\u011ferinin ise hafif oldu\u011fu \u00f6\u011frenildi.<br \/>\n<br \/>Yaral\u0131lar, sa\u011fl\u0131k ekiplerinin olay yerindeki ilk m\u00fcdahalesinin ard\u0131ndan hastaneye kald\u0131r\u0131ld\u0131. Kazayla ilgili soru\u015fturma ba\u015flat\u0131ld\u0131.<br \/><\/p>\n","protected":false},"excerpt":{"rendered":"<p>Mu\u011fla\u2019n\u0131n Ula il\u00e7esi G\u00f6kova kav\u015fa\u011f\u0131nda iki arac\u0131n kar\u0131\u015ft\u0131\u011f\u0131 trafik kazas\u0131nda biri a\u011f\u0131r olmak \u00fczere iki ki\u015fi yaraland\u0131. Kaza, Ak\u00e7ap\u0131nar Mahallesi\u2019nden ana yola \u00e7\u0131kmak isteyen bir arac\u0131n, Marmaris istikametinden gelen ba\u015fka bir ara\u00e7la \u00e7arp\u0131\u015fmas\u0131 sonucu meydana geldi. \u015eiddetli \u00e7arp\u0131\u015fman\u0131n etkisiyle iki ara\u00e7 yakla\u015f\u0131k 30 metre s\u00fcr\u00fcklendi. 112 Acil \u00c7a\u011fr\u0131 Merkezine yap\u0131lan ihbar \u00fczerine olay yerine jandarma,&#8230;<\/p>\n","protected":false},"author":1,"featured_media":33518,"comment_status":"open","ping_status":"open","sticky":false,"template":"","format":"standard","meta":{"_crdt_document":"","footnotes":""},"categories":[5],"tags":[],"class_list":["post-33517","post","type-post","status-publish","format-standard","has-post-thumbnail","hentry","category-asayis"],"_links":{"self":[{"href":"https:\/\/www.egemtv.com\/index.php?rest_route=\/wp\/v2\/posts\/33517","targetHints":{"allow":["GET"]}}],"collection":[{"href":"https:\/\/www.egemtv.com\/index.php?rest_route=\/wp\/v2\/posts"}],"about":[{"href":"https:\/\/www.egemtv.com\/index.php?rest_route=\/wp\/v2\/types\/post"}],"author":[{"embeddable":true,"href":"https:\/\/www.egemtv.com\/index.php?rest_route=\/wp\/v2\/users\/1"}],"replies":[{"embeddable":true,"href":"https:\/\/www.egemtv.com\/index.php?rest_route=%2Fwp%2Fv2%2Fcomments&post=33517"}],"version-history":[{"count":1,"href":"https:\/\/www.egemtv.com\/index.php?rest_route=\/wp\/v2\/posts\/33517\/revisions"}],"predecessor-version":[{"id":33519,"href":"https:\/\/www.egemtv.com\/index.php?rest_route=\/wp\/v2\/posts\/33517\/revisions\/33519"}],"wp:featuredmedia":[{"embeddable":true,"href":"https:\/\/www.egemtv.com\/index.php?rest_route=\/wp\/v2\/media\/33518"}],"wp:attachment":[{"href":"https:\/\/www.egemtv.com\/index.php?rest_route=%2Fwp%2Fv2%2Fmedia&parent=33517"}],"wp:term":[{"taxonomy":"category","embeddable":true,"href":"https:\/\/www.egemtv.com\/index.php?rest_route=%2Fwp%2Fv2%2Fcategories&post=33517"},{"taxonomy":"post_tag","embeddable":true,"href":"https:\/\/www.egemtv.com\/index.php?rest_route=%2Fwp%2Fv2%2Ftags&post=33517"}],"curies":[{"name":"wp","href":"https:\/\/api.w.org\/{rel}","templated":true}]}}