{"id":33511,"date":"2025-06-06T19:36:50","date_gmt":"2025-06-06T16:36:50","guid":{"rendered":"https:\/\/www.egemtv.com\/?p=33511"},"modified":"2025-06-06T19:36:54","modified_gmt":"2025-06-06T16:36:54","slug":"marmaris-ve-datcaya-25-bin-arac-giris-yapti","status":"publish","type":"post","link":"https:\/\/www.egemtv.com\/?p=33511","title":{"rendered":"Marmaris ve Dat\u00e7a\u2019ya 25 bin ara\u00e7 giri\u015f yapt\u0131"},"content":{"rendered":"<p>Kurban Bayram\u0131 tatilini f\u0131rsat bilen vatanda\u015flar tatil b\u00f6lgelerine ak\u0131n ederken, Marmaris ve Dat\u00e7a il\u00e7elerine \u015fu saate kadar toplam 25 bin ara\u00e7 giri\u015f yapt\u0131.<\/p>\n<p>Mu\u011fla\u2019n\u0131n Marmaris ve Dat\u00e7a il\u00e7elerinin karayoluyla tek geli\u015f ve gidi\u015f  noktas\u0131 olan \u00c7etibeli jandarma kontrol noktas\u0131 ve b\u00f6lge trafik kontrol noktas\u0131, bayram tatili boyunca denetimlerini s\u00fcrd\u00fcr\u00fcyor. D\u00f6rt g\u00fcnl\u00fck Kurban Bayram\u0131 tatilini f\u0131rsat bilen vatanda\u015flar,hem  tatil hem de ziyaret  yapmak i\u00e7in ara\u00e7lar\u0131yla Marmaris\u2019e giri\u015f yapt\u0131. Arife g\u00fcn\u00fcnden bu yana Marmaris ve Dat\u00e7a il\u00e7elerine \u015fu saate kadar 25 bin arac\u0131n giri\u015f yapt\u0131\u011f\u0131 bilgisi edinildi. Jandarma ve emniyet ekipleri, s\u00fcr\u00fcc\u00fclerin g\u00fcvenli bir \u015fekilde seyahat etmeleri i\u00e7in yol boyunca denetimlerini aral\u0131ks\u0131z s\u00fcrd\u00fcr\u00fcyor. Bayram boyunca yol g\u00fcvenli\u011finin sa\u011flanmas\u0131 ve kazalar\u0131n \u00f6nlenmesi amac\u0131yla kontrollerin titizlikle yap\u0131laca\u011f\u0131 vurguland\u0131. Gelen ara\u00e7lar\u0131n b\u00fcy\u00fck b\u00f6l\u00fcm\u00fcn\u00fcn \u0130stanbul, Denizli, \u0130zmir, Ankara ve Amasya plakal\u0131 oldu\u011fu g\u00f6zlendi. Marmaris\u2019ten Ortaca\u2019ya gitmekte olan bir yolcu, yollardaki g\u00fcvenlik \u00f6nlemlerinin yeterli oldu\u011funu belirterek, Marmaris\u2019in tatil i\u00e7in \u00e7ok g\u00fczel bir yer oldu\u011funu s\u00f6yledi ve herkese iyi bayramlar diledi. Yetkililer ise s\u00fcr\u00fcc\u00fclere yollar\u0131 sevdiklerine kavu\u015fman\u0131n arac\u0131 olarak g\u00f6rmeleri gerekti\u011fini hat\u0131rlatarak, trafik kurallar\u0131na uymalar\u0131 \u00e7a\u011fr\u0131s\u0131nda bulundu. Bayram tatilinin huzur i\u00e7inde ge\u00e7mesi temennisinde bulunan ekipler, t\u00fcm s\u00fcr\u00fcc\u00fclere dikkatli ve sab\u0131rl\u0131 olmalar\u0131 y\u00f6n\u00fcnde uyar\u0131larda bulundu.<br \/><\/p>\n","protected":false},"excerpt":{"rendered":"<p>Kurban Bayram\u0131 tatilini f\u0131rsat bilen vatanda\u015flar tatil b\u00f6lgelerine ak\u0131n ederken, Marmaris ve Dat\u00e7a il\u00e7elerine \u015fu saate kadar toplam 25 bin ara\u00e7 giri\u015f yapt\u0131. Mu\u011fla\u2019n\u0131n Marmaris ve Dat\u00e7a il\u00e7elerinin karayoluyla tek geli\u015f ve gidi\u015f noktas\u0131 olan \u00c7etibeli jandarma kontrol noktas\u0131 ve b\u00f6lge trafik kontrol noktas\u0131, bayram tatili boyunca denetimlerini s\u00fcrd\u00fcr\u00fcyor. D\u00f6rt g\u00fcnl\u00fck Kurban Bayram\u0131 tatilini f\u0131rsat&#8230;<\/p>\n","protected":false},"author":1,"featured_media":33512,"comment_status":"open","ping_status":"open","sticky":false,"template":"","format":"standard","meta":{"_crdt_document":"","footnotes":""},"categories":[5],"tags":[],"class_list":["post-33511","post","type-post","status-publish","format-standard","has-post-thumbnail","hentry","category-asayis"],"_links":{"self":[{"href":"https:\/\/www.egemtv.com\/index.php?rest_route=\/wp\/v2\/posts\/33511","targetHints":{"allow":["GET"]}}],"collection":[{"href":"https:\/\/www.egemtv.com\/index.php?rest_route=\/wp\/v2\/posts"}],"about":[{"href":"https:\/\/www.egemtv.com\/index.php?rest_route=\/wp\/v2\/types\/post"}],"author":[{"embeddable":true,"href":"https:\/\/www.egemtv.com\/index.php?rest_route=\/wp\/v2\/users\/1"}],"replies":[{"embeddable":true,"href":"https:\/\/www.egemtv.com\/index.php?rest_route=%2Fwp%2Fv2%2Fcomments&post=33511"}],"version-history":[{"count":1,"href":"https:\/\/www.egemtv.com\/index.php?rest_route=\/wp\/v2\/posts\/33511\/revisions"}],"predecessor-version":[{"id":33513,"href":"https:\/\/www.egemtv.com\/index.php?rest_route=\/wp\/v2\/posts\/33511\/revisions\/33513"}],"wp:featuredmedia":[{"embeddable":true,"href":"https:\/\/www.egemtv.com\/index.php?rest_route=\/wp\/v2\/media\/33512"}],"wp:attachment":[{"href":"https:\/\/www.egemtv.com\/index.php?rest_route=%2Fwp%2Fv2%2Fmedia&parent=33511"}],"wp:term":[{"taxonomy":"category","embeddable":true,"href":"https:\/\/www.egemtv.com\/index.php?rest_route=%2Fwp%2Fv2%2Fcategories&post=33511"},{"taxonomy":"post_tag","embeddable":true,"href":"https:\/\/www.egemtv.com\/index.php?rest_route=%2Fwp%2Fv2%2Ftags&post=33511"}],"curies":[{"name":"wp","href":"https:\/\/api.w.org\/{rel}","templated":true}]}}