{"id":33508,"date":"2025-06-06T18:16:03","date_gmt":"2025-06-06T15:16:03","guid":{"rendered":"https:\/\/www.egemtv.com\/?p=33508"},"modified":"2025-06-06T18:16:07","modified_gmt":"2025-06-06T15:16:07","slug":"aydinda-acemi-kasap-sayisi-bu-yil-yuzde-60-dustu","status":"publish","type":"post","link":"https:\/\/www.egemtv.com\/?p=33508","title":{"rendered":"Ayd\u0131n\u2019da acemi kasap say\u0131s\u0131 bu y\u0131l y\u00fczde 60 d\u00fc\u015ft\u00fc"},"content":{"rendered":"<p>Ayd\u0131n\u2019da Kurban Bayram\u0131\u2019n\u0131n ilk g\u00fcn\u00fcnde v\u00fccudunun \u00e7e\u015fitli yerlerinden yaralanan acemi kasaplar\u0131n say\u0131s\u0131 ge\u00e7en y\u0131la g\u00f6re yakla\u015f\u0131k y\u00fczde 60\u2019l\u0131k d\u00fc\u015f\u00fc\u015f ya\u015farken, bu y\u0131l\u0131n acemi kasap say\u0131s\u0131 55 oldu.<br \/>\n<br \/>\u00dclke genelinde oldu\u011fu gibi Ayd\u0131n\u2019da da bu y\u0131l bayram namaz\u0131n\u0131 k\u0131lan vatanda\u015flar, kurbanlar\u0131n\u0131 kesmeye ba\u015flad\u0131. Belediyelerin olu\u015fturdu\u011fu kurban kesim alanlar\u0131n\u0131n yan\u0131 s\u0131ra kendi imkanlar\u0131yla kurbanl\u0131klar\u0131n\u0131 kesmek isteyen baz\u0131 vatanda\u015flar, bayram\u0131n ilk saatlerinde kendilerini yaralad\u0131. Baz\u0131 yaral\u0131lar kendi imkanlar\u0131yla, baz\u0131lar\u0131 ise ambulanslarla hastanelere getirildi.<br \/>\n<br \/>\u00d6te yandan yaralanan vatanda\u015flar kent merkezindeki hastanelerde tedavi alt\u0131na al\u0131n\u0131rken, il genelinde ge\u00e7en y\u0131l yakla\u015f\u0131k 150 acemi kasap kendini yaralarken bu y\u0131l ise bu say\u0131 55 ki\u015fiye d\u00fc\u015ft\u00fc. Yetkililer, acemi kasaplar\u0131n y\u0131llar ge\u00e7tik\u00e7e ustala\u015ft\u0131\u011f\u0131n\u0131n istatistiklere de yans\u0131d\u0131\u011f\u0131n\u0131 bildirdiler.<br \/><\/p>\n","protected":false},"excerpt":{"rendered":"<p>Ayd\u0131n\u2019da Kurban Bayram\u0131\u2019n\u0131n ilk g\u00fcn\u00fcnde v\u00fccudunun \u00e7e\u015fitli yerlerinden yaralanan acemi kasaplar\u0131n say\u0131s\u0131 ge\u00e7en y\u0131la g\u00f6re yakla\u015f\u0131k y\u00fczde 60\u2019l\u0131k d\u00fc\u015f\u00fc\u015f ya\u015farken, bu y\u0131l\u0131n acemi kasap say\u0131s\u0131 55 oldu. \u00dclke genelinde oldu\u011fu gibi Ayd\u0131n\u2019da da bu y\u0131l bayram namaz\u0131n\u0131 k\u0131lan vatanda\u015flar, kurbanlar\u0131n\u0131 kesmeye ba\u015flad\u0131. Belediyelerin olu\u015fturdu\u011fu kurban kesim alanlar\u0131n\u0131n yan\u0131 s\u0131ra kendi imkanlar\u0131yla kurbanl\u0131klar\u0131n\u0131 kesmek isteyen baz\u0131&#8230;<\/p>\n","protected":false},"author":1,"featured_media":33509,"comment_status":"open","ping_status":"open","sticky":false,"template":"","format":"standard","meta":{"_crdt_document":"","footnotes":""},"categories":[1],"tags":[],"class_list":["post-33508","post","type-post","status-publish","format-standard","has-post-thumbnail","hentry","category-guncel"],"_links":{"self":[{"href":"https:\/\/www.egemtv.com\/index.php?rest_route=\/wp\/v2\/posts\/33508","targetHints":{"allow":["GET"]}}],"collection":[{"href":"https:\/\/www.egemtv.com\/index.php?rest_route=\/wp\/v2\/posts"}],"about":[{"href":"https:\/\/www.egemtv.com\/index.php?rest_route=\/wp\/v2\/types\/post"}],"author":[{"embeddable":true,"href":"https:\/\/www.egemtv.com\/index.php?rest_route=\/wp\/v2\/users\/1"}],"replies":[{"embeddable":true,"href":"https:\/\/www.egemtv.com\/index.php?rest_route=%2Fwp%2Fv2%2Fcomments&post=33508"}],"version-history":[{"count":1,"href":"https:\/\/www.egemtv.com\/index.php?rest_route=\/wp\/v2\/posts\/33508\/revisions"}],"predecessor-version":[{"id":33510,"href":"https:\/\/www.egemtv.com\/index.php?rest_route=\/wp\/v2\/posts\/33508\/revisions\/33510"}],"wp:featuredmedia":[{"embeddable":true,"href":"https:\/\/www.egemtv.com\/index.php?rest_route=\/wp\/v2\/media\/33509"}],"wp:attachment":[{"href":"https:\/\/www.egemtv.com\/index.php?rest_route=%2Fwp%2Fv2%2Fmedia&parent=33508"}],"wp:term":[{"taxonomy":"category","embeddable":true,"href":"https:\/\/www.egemtv.com\/index.php?rest_route=%2Fwp%2Fv2%2Fcategories&post=33508"},{"taxonomy":"post_tag","embeddable":true,"href":"https:\/\/www.egemtv.com\/index.php?rest_route=%2Fwp%2Fv2%2Ftags&post=33508"}],"curies":[{"name":"wp","href":"https:\/\/api.w.org\/{rel}","templated":true}]}}