{"id":33505,"date":"2025-06-06T17:34:50","date_gmt":"2025-06-06T14:34:50","guid":{"rendered":"https:\/\/www.egemtv.com\/?p=33505"},"modified":"2025-06-06T17:34:55","modified_gmt":"2025-06-06T14:34:55","slug":"izmirde-47-gocmen-karaya-cikartildi-2-gocmen-kacakcisi-yakalandi","status":"publish","type":"post","link":"https:\/\/www.egemtv.com\/?p=33505","title":{"rendered":"\u0130zmir\u2019de 47 g\u00f6\u00e7men karaya \u00e7\u0131kart\u0131ld\u0131, 2 g\u00f6\u00e7men ka\u00e7ak\u00e7\u0131s\u0131 yakaland\u0131"},"content":{"rendered":"<p>\u0130zmir\u2019in Karaburun ve Seferihisar il\u00e7elerinde, yurt d\u0131\u015f\u0131na yasa d\u0131\u015f\u0131 yollarla ge\u00e7i\u015f giri\u015fiminde olan ve Yunan unsurlar\u0131 taraf\u0131ndan T\u00fcrk kara sular\u0131na geri itilen toplam 47 d\u00fczensiz g\u00f6\u00e7men karaya \u00e7\u0131kart\u0131l\u0131rken 2 g\u00f6\u00e7men ka\u00e7ak\u00e7\u0131s\u0131 yakaland\u0131.<br \/>\n<br \/>Sahil G\u00fcvenlik Komutanl\u0131\u011f\u0131na ba\u011fl\u0131 ekipler, 4 Haziran saat 01.00\u2019de Karaburun il\u00e7esi a\u00e7\u0131klar\u0131nda lastik bot i\u00e7erisinde bir grup d\u00fczensiz g\u00f6\u00e7men oldu\u011fu bilgisinin al\u0131nmas\u0131 \u00fczerine harekete ge\u00e7ti. Yunanistan unsurlar\u0131nca T\u00fcrk karasular\u0131na geri itilen lastik bot i\u00e7erisindeki 12\u2019si \u00e7ocuk 35 d\u00fczensiz g\u00f6\u00e7men, g\u00f6revlendirilen Sahil G\u00fcvenlik Botu (KB-177) taraf\u0131ndan kurtar\u0131ld\u0131. Lastik botta bulunan ve g\u00f6\u00e7men ka\u00e7ak\u00e7\u0131s\u0131 oldu\u011fu de\u011ferlendirilen 1 ki\u015fi de ekipler taraf\u0131ndan yakaland\u0131. Ayn\u0131 g\u00fcn saat 06.25\u2019te ise, Seferihisar il\u00e7esi a\u00e7\u0131klar\u0131nda lastik bot i\u00e7erisinde bir grup d\u00fczensiz g\u00f6\u00e7men oldu\u011fu bilgisinin al\u0131nmas\u0131 \u00fczerine g\u00f6revlendirilen Sahil G\u00fcvenlik Botlar\u0131 (TCSG-7, KB-22) taraf\u0131ndan hareketli fiber karinal\u0131 lastik bot durduruldu ve i\u00e7erisindeki 12 d\u00fczensiz g\u00f6\u00e7men ile 1 g\u00f6\u00e7men ka\u00e7ak\u00e7\u0131s\u0131 \u015f\u00fcphelisi yakaland\u0131.<br \/>\n<br \/>Karaya \u00e7\u0131kart\u0131lan g\u00f6\u00e7menler, i\u015flemlerinin ard\u0131ndan \u0130l G\u00f6\u00e7 \u0130daresi M\u00fcd\u00fcrl\u00fc\u011f\u00fcne, g\u00f6\u00e7men ka\u00e7ak\u00e7\u0131s\u0131 \u015f\u00fcphelileri ise haklar\u0131nda yasal i\u015flemler ba\u015flat\u0131larak karakola g\u00f6t\u00fcr\u00fcld\u00fc.<br \/><\/p>\n","protected":false},"excerpt":{"rendered":"<p>\u0130zmir\u2019in Karaburun ve Seferihisar il\u00e7elerinde, yurt d\u0131\u015f\u0131na yasa d\u0131\u015f\u0131 yollarla ge\u00e7i\u015f giri\u015fiminde olan ve Yunan unsurlar\u0131 taraf\u0131ndan T\u00fcrk kara sular\u0131na geri itilen toplam 47 d\u00fczensiz g\u00f6\u00e7men karaya \u00e7\u0131kart\u0131l\u0131rken 2 g\u00f6\u00e7men ka\u00e7ak\u00e7\u0131s\u0131 yakaland\u0131. Sahil G\u00fcvenlik Komutanl\u0131\u011f\u0131na ba\u011fl\u0131 ekipler, 4 Haziran saat 01.00\u2019de Karaburun il\u00e7esi a\u00e7\u0131klar\u0131nda lastik bot i\u00e7erisinde bir grup d\u00fczensiz g\u00f6\u00e7men oldu\u011fu bilgisinin al\u0131nmas\u0131 \u00fczerine&#8230;<\/p>\n","protected":false},"author":1,"featured_media":33506,"comment_status":"open","ping_status":"open","sticky":false,"template":"","format":"standard","meta":{"_crdt_document":"","footnotes":""},"categories":[5],"tags":[],"class_list":["post-33505","post","type-post","status-publish","format-standard","has-post-thumbnail","hentry","category-asayis"],"_links":{"self":[{"href":"https:\/\/www.egemtv.com\/index.php?rest_route=\/wp\/v2\/posts\/33505","targetHints":{"allow":["GET"]}}],"collection":[{"href":"https:\/\/www.egemtv.com\/index.php?rest_route=\/wp\/v2\/posts"}],"about":[{"href":"https:\/\/www.egemtv.com\/index.php?rest_route=\/wp\/v2\/types\/post"}],"author":[{"embeddable":true,"href":"https:\/\/www.egemtv.com\/index.php?rest_route=\/wp\/v2\/users\/1"}],"replies":[{"embeddable":true,"href":"https:\/\/www.egemtv.com\/index.php?rest_route=%2Fwp%2Fv2%2Fcomments&post=33505"}],"version-history":[{"count":1,"href":"https:\/\/www.egemtv.com\/index.php?rest_route=\/wp\/v2\/posts\/33505\/revisions"}],"predecessor-version":[{"id":33507,"href":"https:\/\/www.egemtv.com\/index.php?rest_route=\/wp\/v2\/posts\/33505\/revisions\/33507"}],"wp:featuredmedia":[{"embeddable":true,"href":"https:\/\/www.egemtv.com\/index.php?rest_route=\/wp\/v2\/media\/33506"}],"wp:attachment":[{"href":"https:\/\/www.egemtv.com\/index.php?rest_route=%2Fwp%2Fv2%2Fmedia&parent=33505"}],"wp:term":[{"taxonomy":"category","embeddable":true,"href":"https:\/\/www.egemtv.com\/index.php?rest_route=%2Fwp%2Fv2%2Fcategories&post=33505"},{"taxonomy":"post_tag","embeddable":true,"href":"https:\/\/www.egemtv.com\/index.php?rest_route=%2Fwp%2Fv2%2Ftags&post=33505"}],"curies":[{"name":"wp","href":"https:\/\/api.w.org\/{rel}","templated":true}]}}