{"id":33502,"date":"2025-06-06T17:17:08","date_gmt":"2025-06-06T14:17:08","guid":{"rendered":"https:\/\/www.egemtv.com\/?p=33502"},"modified":"2025-06-06T17:17:11","modified_gmt":"2025-06-06T14:17:11","slug":"elini-kiyma-makinesine-kaptiran-genc-kiz-agir-yaralandi","status":"publish","type":"post","link":"https:\/\/www.egemtv.com\/?p=33502","title":{"rendered":"Elini k\u0131yma makinesine kapt\u0131ran gen\u00e7 k\u0131z a\u011f\u0131r yaraland\u0131"},"content":{"rendered":"<p>Burdur\u2019un \u00c7avd\u0131r il\u00e7esinde kurban eti \u00e7ekerken elini k\u0131yma makinesine kapt\u0131ran 21 ya\u015f\u0131ndaki gen\u00e7 k\u0131z a\u011f\u0131r yaraland\u0131.<br \/>\n<br \/>Olay, saat 14.00 s\u0131ralar\u0131nda \u00c7avd\u0131r il\u00e7esine ba\u011fl\u0131 B\u00fcy\u00fckalan k\u00f6y\u00fcnde meydana geldi. Edinilen bilgilere g\u00f6re, kurban eti \u00e7ekildi\u011fi s\u0131rada 21 ya\u015f\u0131ndaki \u00d6zge \u015e., bir anl\u0131k dalg\u0131nl\u0131k sonucu elini k\u0131yma makinesine kapt\u0131rd\u0131. Elinden a\u011f\u0131r \u015fekilde yaralanan gen\u00e7 k\u0131z i\u00e7in 112 Acil \u00c7a\u011fr\u0131 Merkezi\u2019ne ihbarda bulunuldu.<br \/>\n<br \/>\u0130hbar \u00fczerine b\u00f6lgeye sa\u011fl\u0131k ekipleri sevk edildi. Ancak yaral\u0131 gen\u00e7 k\u0131z, yak\u0131nlar\u0131 taraf\u0131ndan otomobille hastaneye g\u00f6t\u00fcr\u00fclmek \u00fczere yola \u00e7\u0131kar\u0131ld\u0131. Seyir halindeyken ambulansa al\u0131nan \u00d6zge \u015e., ilk m\u00fcdahalesinin ard\u0131ndan G\u00f6lhisar Devlet Hastanesi\u2019ne kald\u0131r\u0131larak tedavi alt\u0131na al\u0131nd\u0131.<br \/>\n<br \/>Olayla ilgili jandarma ekipleri taraf\u0131ndan inceleme ba\u015flat\u0131ld\u0131.<br \/><\/p>\n","protected":false},"excerpt":{"rendered":"<p>Burdur\u2019un \u00c7avd\u0131r il\u00e7esinde kurban eti \u00e7ekerken elini k\u0131yma makinesine kapt\u0131ran 21 ya\u015f\u0131ndaki gen\u00e7 k\u0131z a\u011f\u0131r yaraland\u0131. Olay, saat 14.00 s\u0131ralar\u0131nda \u00c7avd\u0131r il\u00e7esine ba\u011fl\u0131 B\u00fcy\u00fckalan k\u00f6y\u00fcnde meydana geldi. Edinilen bilgilere g\u00f6re, kurban eti \u00e7ekildi\u011fi s\u0131rada 21 ya\u015f\u0131ndaki \u00d6zge \u015e., bir anl\u0131k dalg\u0131nl\u0131k sonucu elini k\u0131yma makinesine kapt\u0131rd\u0131. Elinden a\u011f\u0131r \u015fekilde yaralanan gen\u00e7 k\u0131z i\u00e7in 112 Acil&#8230;<\/p>\n","protected":false},"author":1,"featured_media":33503,"comment_status":"open","ping_status":"open","sticky":false,"template":"","format":"standard","meta":{"_crdt_document":"","footnotes":""},"categories":[5],"tags":[],"class_list":["post-33502","post","type-post","status-publish","format-standard","has-post-thumbnail","hentry","category-asayis"],"_links":{"self":[{"href":"https:\/\/www.egemtv.com\/index.php?rest_route=\/wp\/v2\/posts\/33502","targetHints":{"allow":["GET"]}}],"collection":[{"href":"https:\/\/www.egemtv.com\/index.php?rest_route=\/wp\/v2\/posts"}],"about":[{"href":"https:\/\/www.egemtv.com\/index.php?rest_route=\/wp\/v2\/types\/post"}],"author":[{"embeddable":true,"href":"https:\/\/www.egemtv.com\/index.php?rest_route=\/wp\/v2\/users\/1"}],"replies":[{"embeddable":true,"href":"https:\/\/www.egemtv.com\/index.php?rest_route=%2Fwp%2Fv2%2Fcomments&post=33502"}],"version-history":[{"count":1,"href":"https:\/\/www.egemtv.com\/index.php?rest_route=\/wp\/v2\/posts\/33502\/revisions"}],"predecessor-version":[{"id":33504,"href":"https:\/\/www.egemtv.com\/index.php?rest_route=\/wp\/v2\/posts\/33502\/revisions\/33504"}],"wp:featuredmedia":[{"embeddable":true,"href":"https:\/\/www.egemtv.com\/index.php?rest_route=\/wp\/v2\/media\/33503"}],"wp:attachment":[{"href":"https:\/\/www.egemtv.com\/index.php?rest_route=%2Fwp%2Fv2%2Fmedia&parent=33502"}],"wp:term":[{"taxonomy":"category","embeddable":true,"href":"https:\/\/www.egemtv.com\/index.php?rest_route=%2Fwp%2Fv2%2Fcategories&post=33502"},{"taxonomy":"post_tag","embeddable":true,"href":"https:\/\/www.egemtv.com\/index.php?rest_route=%2Fwp%2Fv2%2Ftags&post=33502"}],"curies":[{"name":"wp","href":"https:\/\/api.w.org\/{rel}","templated":true}]}}