{"id":33499,"date":"2025-06-06T14:56:55","date_gmt":"2025-06-06T11:56:55","guid":{"rendered":"https:\/\/www.egemtv.com\/?p=33499"},"modified":"2025-06-06T14:57:00","modified_gmt":"2025-06-06T11:57:00","slug":"evden-gelen-kokular-gercegi-ortaya-cikardi","status":"publish","type":"post","link":"https:\/\/www.egemtv.com\/?p=33499","title":{"rendered":"Evden gelen kokular ger\u00e7e\u011fi ortaya \u00e7\u0131kard\u0131"},"content":{"rendered":"<p>Ayd\u0131n\u2019\u0131n Efeler il\u00e7esinde yaln\u0131z ya\u015fad\u0131\u011f\u0131 ve 3 g\u00fcnd\u00fcr haber al\u0131namad\u0131\u011f\u0131 \u00f6\u011frenilen 70 ya\u015f\u0131ndaki Kamil T\u0131\u011fs\u0131z, evinde \u00f6l\u00fc olarak bulundu.<br \/>\n<br \/>Olay, Efeler il\u00e7esi K\u00f6pr\u00fcl\u00fc Mahallesi 1603 Sokak \u00fczerinde meydana geldi. Edinilen bilgiye g\u00f6re mahalle sakinleri, yaln\u0131z ya\u015fad\u0131\u011f\u0131 \u00f6\u011frenilen Kamil T\u0131\u011fs\u0131z\u2019\u0131n (70) evinden k\u00f6t\u00fc kokular\u0131n geldi\u011fini fark etti. \u00dc\u00e7 g\u00fcnd\u00fcr haber al\u0131namayan ya\u015fl\u0131 adam\u0131n hayat\u0131ndan endi\u015fe eden kom\u015fular\u0131, durumu 112 Acil \u00c7a\u011fr\u0131 Merkezi\u2019ne bildirdi. \u0130hbar \u00fczerine b\u00f6lgeye polis ve sa\u011fl\u0131k ekipleri sevk edildi. K\u0131sa s\u00fcrede olay yerine gelen ekipler, eve girdiklerinde ya\u015fl\u0131 adam\u0131 hareketsiz bir \u015fekilde yatarken buldu. Yap\u0131lan incelemede T\u0131\u011fs\u0131z\u2019\u0131n hayat\u0131n\u0131 kaybetti\u011fi \u00f6\u011frenildi. \u015e\u00fcpheli olarak de\u011ferlendirilen \u00f6l\u00fcm sebebinin belirlenmesi i\u00e7in T\u0131\u011fs\u0131z\u2019\u0131n cans\u0131z bedeni adli t\u0131p kurumuna sevk edildi. Yakla\u015f\u0131k 3 g\u00fcn \u00f6nce hayat\u0131n\u0131 kaybetti\u011fi tespit edilen T\u0131\u011fs\u0131z\u2019\u0131n \u00f6l\u00fcm\u00fcyle ilgili soru\u015fturma ba\u015flat\u0131ld\u0131.<br \/><\/p>\n","protected":false},"excerpt":{"rendered":"<p>Ayd\u0131n\u2019\u0131n Efeler il\u00e7esinde yaln\u0131z ya\u015fad\u0131\u011f\u0131 ve 3 g\u00fcnd\u00fcr haber al\u0131namad\u0131\u011f\u0131 \u00f6\u011frenilen 70 ya\u015f\u0131ndaki Kamil T\u0131\u011fs\u0131z, evinde \u00f6l\u00fc olarak bulundu. Olay, Efeler il\u00e7esi K\u00f6pr\u00fcl\u00fc Mahallesi 1603 Sokak \u00fczerinde meydana geldi. Edinilen bilgiye g\u00f6re mahalle sakinleri, yaln\u0131z ya\u015fad\u0131\u011f\u0131 \u00f6\u011frenilen Kamil T\u0131\u011fs\u0131z\u2019\u0131n (70) evinden k\u00f6t\u00fc kokular\u0131n geldi\u011fini fark etti. \u00dc\u00e7 g\u00fcnd\u00fcr haber al\u0131namayan ya\u015fl\u0131 adam\u0131n hayat\u0131ndan endi\u015fe eden&#8230;<\/p>\n","protected":false},"author":1,"featured_media":33500,"comment_status":"open","ping_status":"open","sticky":false,"template":"","format":"standard","meta":{"_crdt_document":"","footnotes":""},"categories":[5],"tags":[],"class_list":["post-33499","post","type-post","status-publish","format-standard","has-post-thumbnail","hentry","category-asayis"],"_links":{"self":[{"href":"https:\/\/www.egemtv.com\/index.php?rest_route=\/wp\/v2\/posts\/33499","targetHints":{"allow":["GET"]}}],"collection":[{"href":"https:\/\/www.egemtv.com\/index.php?rest_route=\/wp\/v2\/posts"}],"about":[{"href":"https:\/\/www.egemtv.com\/index.php?rest_route=\/wp\/v2\/types\/post"}],"author":[{"embeddable":true,"href":"https:\/\/www.egemtv.com\/index.php?rest_route=\/wp\/v2\/users\/1"}],"replies":[{"embeddable":true,"href":"https:\/\/www.egemtv.com\/index.php?rest_route=%2Fwp%2Fv2%2Fcomments&post=33499"}],"version-history":[{"count":1,"href":"https:\/\/www.egemtv.com\/index.php?rest_route=\/wp\/v2\/posts\/33499\/revisions"}],"predecessor-version":[{"id":33501,"href":"https:\/\/www.egemtv.com\/index.php?rest_route=\/wp\/v2\/posts\/33499\/revisions\/33501"}],"wp:featuredmedia":[{"embeddable":true,"href":"https:\/\/www.egemtv.com\/index.php?rest_route=\/wp\/v2\/media\/33500"}],"wp:attachment":[{"href":"https:\/\/www.egemtv.com\/index.php?rest_route=%2Fwp%2Fv2%2Fmedia&parent=33499"}],"wp:term":[{"taxonomy":"category","embeddable":true,"href":"https:\/\/www.egemtv.com\/index.php?rest_route=%2Fwp%2Fv2%2Fcategories&post=33499"},{"taxonomy":"post_tag","embeddable":true,"href":"https:\/\/www.egemtv.com\/index.php?rest_route=%2Fwp%2Fv2%2Ftags&post=33499"}],"curies":[{"name":"wp","href":"https:\/\/api.w.org\/{rel}","templated":true}]}}