{"id":33496,"date":"2025-06-06T14:15:06","date_gmt":"2025-06-06T11:15:06","guid":{"rendered":"https:\/\/www.egemtv.com\/?p=33496"},"modified":"2025-06-06T14:15:11","modified_gmt":"2025-06-06T11:15:11","slug":"usakta-acemi-kasaplar-hastanenin-yolunu-tuttu","status":"publish","type":"post","link":"https:\/\/www.egemtv.com\/?p=33496","title":{"rendered":"U\u015fak\u2019ta acemi kasaplar hastanenin yolunu tuttu"},"content":{"rendered":"<p>U\u015fak\u2019ta Kurban Bayram\u0131\u2019n\u0131n 1. g\u00fcn\u00fcnde kurban kesmek isteyen acemi kasaplar kentteki hastanelere geldi.<br \/>\n<br \/>T\u00fcrkiye\u2019nin bir\u00e7ok ilinde oldu\u011fu gibi U\u015fak\u2019ta da Kurban Bayram\u0131\u2019n\u0131n 1. g\u00fcn\u00fcnde kent genelinde kurbanl\u0131k hayvanlar\u0131n\u0131 kendi ba\u015f\u0131na kesmeye \u00e7al\u0131\u015fan veya kesime yard\u0131m eden vatanda\u015flar, kurban yerine yanl\u0131\u015fl\u0131kla kendilerini kesti. Baz\u0131 vatanda\u015flar ise kurban tepmeleri sonucu yaraland\u0131. Kentin farkl\u0131 hastanelerine ba\u015fvuran vatanda\u015flar\u0131n ellerinden, kollar\u0131ndan, bacaklar\u0131ndan, kafalar\u0131ndan ve v\u00fccudunun \u00e7e\u015fitli yerlerinden kesici alet darbeleriyle kendilerini yaralad\u0131\u011f\u0131 \u00f6\u011frenildi.<br \/>\n<br \/>\u00d6te yandan, tedavisi tamamlanan vatanda\u015flar taburcu edildi.<br \/><\/p>\n","protected":false},"excerpt":{"rendered":"<p>U\u015fak\u2019ta Kurban Bayram\u0131\u2019n\u0131n 1. g\u00fcn\u00fcnde kurban kesmek isteyen acemi kasaplar kentteki hastanelere geldi. T\u00fcrkiye\u2019nin bir\u00e7ok ilinde oldu\u011fu gibi U\u015fak\u2019ta da Kurban Bayram\u0131\u2019n\u0131n 1. g\u00fcn\u00fcnde kent genelinde kurbanl\u0131k hayvanlar\u0131n\u0131 kendi ba\u015f\u0131na kesmeye \u00e7al\u0131\u015fan veya kesime yard\u0131m eden vatanda\u015flar, kurban yerine yanl\u0131\u015fl\u0131kla kendilerini kesti. Baz\u0131 vatanda\u015flar ise kurban tepmeleri sonucu yaraland\u0131. Kentin farkl\u0131 hastanelerine ba\u015fvuran vatanda\u015flar\u0131n ellerinden,&#8230;<\/p>\n","protected":false},"author":1,"featured_media":33497,"comment_status":"open","ping_status":"open","sticky":false,"template":"","format":"standard","meta":{"_crdt_document":"","footnotes":""},"categories":[5],"tags":[],"class_list":["post-33496","post","type-post","status-publish","format-standard","has-post-thumbnail","hentry","category-asayis"],"_links":{"self":[{"href":"https:\/\/www.egemtv.com\/index.php?rest_route=\/wp\/v2\/posts\/33496","targetHints":{"allow":["GET"]}}],"collection":[{"href":"https:\/\/www.egemtv.com\/index.php?rest_route=\/wp\/v2\/posts"}],"about":[{"href":"https:\/\/www.egemtv.com\/index.php?rest_route=\/wp\/v2\/types\/post"}],"author":[{"embeddable":true,"href":"https:\/\/www.egemtv.com\/index.php?rest_route=\/wp\/v2\/users\/1"}],"replies":[{"embeddable":true,"href":"https:\/\/www.egemtv.com\/index.php?rest_route=%2Fwp%2Fv2%2Fcomments&post=33496"}],"version-history":[{"count":1,"href":"https:\/\/www.egemtv.com\/index.php?rest_route=\/wp\/v2\/posts\/33496\/revisions"}],"predecessor-version":[{"id":33498,"href":"https:\/\/www.egemtv.com\/index.php?rest_route=\/wp\/v2\/posts\/33496\/revisions\/33498"}],"wp:featuredmedia":[{"embeddable":true,"href":"https:\/\/www.egemtv.com\/index.php?rest_route=\/wp\/v2\/media\/33497"}],"wp:attachment":[{"href":"https:\/\/www.egemtv.com\/index.php?rest_route=%2Fwp%2Fv2%2Fmedia&parent=33496"}],"wp:term":[{"taxonomy":"category","embeddable":true,"href":"https:\/\/www.egemtv.com\/index.php?rest_route=%2Fwp%2Fv2%2Fcategories&post=33496"},{"taxonomy":"post_tag","embeddable":true,"href":"https:\/\/www.egemtv.com\/index.php?rest_route=%2Fwp%2Fv2%2Ftags&post=33496"}],"curies":[{"name":"wp","href":"https:\/\/api.w.org\/{rel}","templated":true}]}}