{"id":33493,"date":"2025-06-06T14:15:01","date_gmt":"2025-06-06T11:15:01","guid":{"rendered":"https:\/\/www.egemtv.com\/?p=33493"},"modified":"2025-06-06T14:15:06","modified_gmt":"2025-06-06T11:15:06","slug":"bayramin-ilk-gunu-sicak-hava-ile-birlikte-sokaklar-bos-kaldi","status":"publish","type":"post","link":"https:\/\/www.egemtv.com\/?p=33493","title":{"rendered":"Bayram\u0131n ilk g\u00fcn\u00fc s\u0131cak hava ile birlikte sokaklar bo\u015f kald\u0131"},"content":{"rendered":"<p>Ayd\u0131n\u2019da bayram tatilini f\u0131rsat bilen baz\u0131 vatanda\u015flar\u0131n turistik b\u00f6lgelere gitmesi ve s\u0131cak havadan dolay\u0131 evde kalan vatanda\u015flar dolay\u0131s\u0131yla merkez il\u00e7e Efeler\u2019de sokaklar adeta sessizli\u011fe b\u00fcr\u00fcnd\u00fc.<br \/>\n<br \/>Ayd\u0131n genelinde bunaltan hava s\u0131cakl\u0131\u011f\u0131 Kurban Bayram\u0131\u2019nda da etkisini s\u00fcrd\u00fcrmeye devam ederken merkez il\u00e7e Efeler\u2019de sokak ve caddeler bo\u015f kald\u0131. Yaz aylar\u0131nda hava s\u0131cakl\u0131klar\u0131n\u0131n en y\u00fcksek hissedildi\u011fi illerden olan Ayd\u0131n\u2019da bunalt\u0131c\u0131 s\u0131caklar bayramda da etkisini s\u00fcrd\u00fcrd\u00fc. \u0130l genelinde 36 dereceye ula\u015fan hava s\u0131cakl\u0131\u011f\u0131, nem oran\u0131n\u0131n y\u00fcksekli\u011fi ile birlikte vatanda\u015flar\u0131 olumsuz etkiledi. Merkez il\u00e7e Efeler\u2019de de hem bayram tatilini f\u0131rsat bilen baz\u0131 vatanda\u015flar\u0131n turistik b\u00f6lgelere gitmesi hem de s\u0131cak havadan dolay\u0131 evde kalan vatanda\u015flar dolay\u0131s\u0131yla sokaklar da adeta sessizli\u011fe b\u00fcr\u00fcnd\u00fc. Ya\u015fanan bunalt\u0131c\u0131 s\u0131caklar dolay\u0131s\u0131yla yetkililer, s\u0131cak havaya kar\u015f\u0131 vatanda\u015flar\u0131 uyararak, zorunlu olmad\u0131k\u00e7a \u00f6\u011fle saatlerinde d\u0131\u015far\u0131ya \u00e7\u0131k\u0131lmamas\u0131n\u0131 belirtti.<br \/><\/p>\n","protected":false},"excerpt":{"rendered":"<p>Ayd\u0131n\u2019da bayram tatilini f\u0131rsat bilen baz\u0131 vatanda\u015flar\u0131n turistik b\u00f6lgelere gitmesi ve s\u0131cak havadan dolay\u0131 evde kalan vatanda\u015flar dolay\u0131s\u0131yla merkez il\u00e7e Efeler\u2019de sokaklar adeta sessizli\u011fe b\u00fcr\u00fcnd\u00fc. Ayd\u0131n genelinde bunaltan hava s\u0131cakl\u0131\u011f\u0131 Kurban Bayram\u0131\u2019nda da etkisini s\u00fcrd\u00fcrmeye devam ederken merkez il\u00e7e Efeler\u2019de sokak ve caddeler bo\u015f kald\u0131. Yaz aylar\u0131nda hava s\u0131cakl\u0131klar\u0131n\u0131n en y\u00fcksek hissedildi\u011fi illerden olan Ayd\u0131n\u2019da&#8230;<\/p>\n","protected":false},"author":1,"featured_media":33494,"comment_status":"open","ping_status":"open","sticky":false,"template":"","format":"standard","meta":{"_crdt_document":"","footnotes":""},"categories":[1],"tags":[],"class_list":["post-33493","post","type-post","status-publish","format-standard","has-post-thumbnail","hentry","category-guncel"],"_links":{"self":[{"href":"https:\/\/www.egemtv.com\/index.php?rest_route=\/wp\/v2\/posts\/33493","targetHints":{"allow":["GET"]}}],"collection":[{"href":"https:\/\/www.egemtv.com\/index.php?rest_route=\/wp\/v2\/posts"}],"about":[{"href":"https:\/\/www.egemtv.com\/index.php?rest_route=\/wp\/v2\/types\/post"}],"author":[{"embeddable":true,"href":"https:\/\/www.egemtv.com\/index.php?rest_route=\/wp\/v2\/users\/1"}],"replies":[{"embeddable":true,"href":"https:\/\/www.egemtv.com\/index.php?rest_route=%2Fwp%2Fv2%2Fcomments&post=33493"}],"version-history":[{"count":1,"href":"https:\/\/www.egemtv.com\/index.php?rest_route=\/wp\/v2\/posts\/33493\/revisions"}],"predecessor-version":[{"id":33495,"href":"https:\/\/www.egemtv.com\/index.php?rest_route=\/wp\/v2\/posts\/33493\/revisions\/33495"}],"wp:featuredmedia":[{"embeddable":true,"href":"https:\/\/www.egemtv.com\/index.php?rest_route=\/wp\/v2\/media\/33494"}],"wp:attachment":[{"href":"https:\/\/www.egemtv.com\/index.php?rest_route=%2Fwp%2Fv2%2Fmedia&parent=33493"}],"wp:term":[{"taxonomy":"category","embeddable":true,"href":"https:\/\/www.egemtv.com\/index.php?rest_route=%2Fwp%2Fv2%2Fcategories&post=33493"},{"taxonomy":"post_tag","embeddable":true,"href":"https:\/\/www.egemtv.com\/index.php?rest_route=%2Fwp%2Fv2%2Ftags&post=33493"}],"curies":[{"name":"wp","href":"https:\/\/api.w.org\/{rel}","templated":true}]}}