{"id":33490,"date":"2025-06-06T13:56:25","date_gmt":"2025-06-06T10:56:25","guid":{"rendered":"https:\/\/www.egemtv.com\/?p=33490"},"modified":"2025-06-06T13:56:28","modified_gmt":"2025-06-06T10:56:28","slug":"kusadasi-kurban-bayraminda-tatilcilerin-akinina-ugradi","status":"publish","type":"post","link":"https:\/\/www.egemtv.com\/?p=33490","title":{"rendered":"Ku\u015fadas\u0131 Kurban Bayram\u0131\u2019nda tatilcilerin ak\u0131n\u0131na u\u011frad\u0131"},"content":{"rendered":"<p>Ayd\u0131n\u2019\u0131n Ku\u015fadas\u0131 il\u00e7esi, Kurban Bayram\u0131 nedeniyle tatilcilerin ak\u0131n\u0131na u\u011frad\u0131. Kentin Sel\u00e7uk y\u00f6n\u00fcndeki giri\u015finde uzun ara\u00e7 kuyru\u011fu olu\u015ftu.<br \/>\n<br \/>T\u00fcrkiye\u2019nin \u00f6nemli turizm merkezlerinden Ku\u015fadas\u0131\u2019na, Kurban Bayram\u0131\u2019nda tatilcilerin ilgisi yo\u011fun oldu. Ba\u015fta \u0130zmir olmak \u00fczere Manisa ve Denizli gibi yak\u0131n illerden tatilini ge\u00e7irmek i\u00e7in ara\u00e7lar\u0131yla Ku\u015fadas\u0131\u2019na gelenler, kentin Sel\u00e7uk y\u00f6n\u00fcndeki giri\u015finde uzun kuyruklar olu\u015fturdu. Ku\u015fadas\u0131\u2019na son 24 saatte 60 binden fazla arac\u0131n giri\u015f yapt\u0131\u011f\u0131 \u00f6\u011frenildi. Bayram tatili i\u00e7in Ku\u015fadas\u0131\u2019na gelen tatilcilerin, konaklamak i\u00e7in tercih etti\u011fi otellerde de doluluk oran\u0131 y\u00fczde 100\u2019e ula\u015ft\u0131. Kurban Bayram\u0131 boyunca g\u00fcn\u00fc birlik ziyaret\u00e7ilerle birlikte Ku\u015fadas\u0131\u2019n\u0131n n\u00fcfusunun 1,5 milyona kadar \u00e7\u0131kmas\u0131 bekleniyor.<br \/><\/p>\n","protected":false},"excerpt":{"rendered":"<p>Ayd\u0131n\u2019\u0131n Ku\u015fadas\u0131 il\u00e7esi, Kurban Bayram\u0131 nedeniyle tatilcilerin ak\u0131n\u0131na u\u011frad\u0131. Kentin Sel\u00e7uk y\u00f6n\u00fcndeki giri\u015finde uzun ara\u00e7 kuyru\u011fu olu\u015ftu. T\u00fcrkiye\u2019nin \u00f6nemli turizm merkezlerinden Ku\u015fadas\u0131\u2019na, Kurban Bayram\u0131\u2019nda tatilcilerin ilgisi yo\u011fun oldu. Ba\u015fta \u0130zmir olmak \u00fczere Manisa ve Denizli gibi yak\u0131n illerden tatilini ge\u00e7irmek i\u00e7in ara\u00e7lar\u0131yla Ku\u015fadas\u0131\u2019na gelenler, kentin Sel\u00e7uk y\u00f6n\u00fcndeki giri\u015finde uzun kuyruklar olu\u015fturdu. Ku\u015fadas\u0131\u2019na son 24 saatte&#8230;<\/p>\n","protected":false},"author":1,"featured_media":33491,"comment_status":"open","ping_status":"open","sticky":false,"template":"","format":"standard","meta":{"_crdt_document":"","footnotes":""},"categories":[125],"tags":[],"class_list":["post-33490","post","type-post","status-publish","format-standard","has-post-thumbnail","hentry","category-ekonomi"],"_links":{"self":[{"href":"https:\/\/www.egemtv.com\/index.php?rest_route=\/wp\/v2\/posts\/33490","targetHints":{"allow":["GET"]}}],"collection":[{"href":"https:\/\/www.egemtv.com\/index.php?rest_route=\/wp\/v2\/posts"}],"about":[{"href":"https:\/\/www.egemtv.com\/index.php?rest_route=\/wp\/v2\/types\/post"}],"author":[{"embeddable":true,"href":"https:\/\/www.egemtv.com\/index.php?rest_route=\/wp\/v2\/users\/1"}],"replies":[{"embeddable":true,"href":"https:\/\/www.egemtv.com\/index.php?rest_route=%2Fwp%2Fv2%2Fcomments&post=33490"}],"version-history":[{"count":1,"href":"https:\/\/www.egemtv.com\/index.php?rest_route=\/wp\/v2\/posts\/33490\/revisions"}],"predecessor-version":[{"id":33492,"href":"https:\/\/www.egemtv.com\/index.php?rest_route=\/wp\/v2\/posts\/33490\/revisions\/33492"}],"wp:featuredmedia":[{"embeddable":true,"href":"https:\/\/www.egemtv.com\/index.php?rest_route=\/wp\/v2\/media\/33491"}],"wp:attachment":[{"href":"https:\/\/www.egemtv.com\/index.php?rest_route=%2Fwp%2Fv2%2Fmedia&parent=33490"}],"wp:term":[{"taxonomy":"category","embeddable":true,"href":"https:\/\/www.egemtv.com\/index.php?rest_route=%2Fwp%2Fv2%2Fcategories&post=33490"},{"taxonomy":"post_tag","embeddable":true,"href":"https:\/\/www.egemtv.com\/index.php?rest_route=%2Fwp%2Fv2%2Ftags&post=33490"}],"curies":[{"name":"wp","href":"https:\/\/api.w.org\/{rel}","templated":true}]}}