{"id":33487,"date":"2025-06-06T13:56:22","date_gmt":"2025-06-06T10:56:22","guid":{"rendered":"https:\/\/www.egemtv.com\/?p=33487"},"modified":"2025-06-06T13:56:25","modified_gmt":"2025-06-06T10:56:25","slug":"manzara-bu-yil-da-degismedi-acemi-kasaplar-hastanelere-kostu","status":"publish","type":"post","link":"https:\/\/www.egemtv.com\/?p=33487","title":{"rendered":"Manzara bu y\u0131l da de\u011fi\u015fmedi, acemi kasaplar hastanelere ko\u015ftu"},"content":{"rendered":"<p>Kurban Bayram\u0131\u2019n\u0131n ilk g\u00fcn\u00fcnde Ayd\u0131n\u2019da her y\u0131l oldu\u011fu gibi bu y\u0131l da acemi kasaplar hastanelere ak\u0131n etti. Kurbanlar\u0131n\u0131 kendi kesmek isteyen baz\u0131 vatanda\u015flar, kesim s\u0131ras\u0131nda \u00e7e\u015fitli yerlerinden yaraland\u0131.<br \/>\n<br \/>Adnan Menderes \u00dcniversitesi Hastanesi ba\u015fta olmak \u00fczere kent genelindeki sa\u011fl\u0131k kurulu\u015flar\u0131na ba\u015fvuran yaral\u0131lar\u0131n tedavileri acil servislerde yap\u0131ld\u0131. Hastaneye gelen vatanda\u015flar\u0131n \u00e7o\u011funun el ve kol b\u00f6lgelerinden yaraland\u0131\u011f\u0131 \u00f6\u011frenildi. \u0130lk m\u00fcdahaleleri yap\u0131lan 48 ki\u015fi, tedavilerinin ard\u0131ndan taburcu edildi. Kesim yaparken yaralanan Kinyas Batur, sekizinci b\u00fcy\u00fckba\u015f hayvan\u0131 keserken aniden elini kesti\u011fini s\u00f6yledi. Acemi olmad\u0131\u011f\u0131n\u0131 belirten Batur, &#8220;Normalde \u00e7ok dikkatli bir kasab\u0131md\u0131r. Birdenoldu&#8221;dedi.<br \/><\/p>\n","protected":false},"excerpt":{"rendered":"<p>Kurban Bayram\u0131\u2019n\u0131n ilk g\u00fcn\u00fcnde Ayd\u0131n\u2019da her y\u0131l oldu\u011fu gibi bu y\u0131l da acemi kasaplar hastanelere ak\u0131n etti. Kurbanlar\u0131n\u0131 kendi kesmek isteyen baz\u0131 vatanda\u015flar, kesim s\u0131ras\u0131nda \u00e7e\u015fitli yerlerinden yaraland\u0131. Adnan Menderes \u00dcniversitesi Hastanesi ba\u015fta olmak \u00fczere kent genelindeki sa\u011fl\u0131k kurulu\u015flar\u0131na ba\u015fvuran yaral\u0131lar\u0131n tedavileri acil servislerde yap\u0131ld\u0131. Hastaneye gelen vatanda\u015flar\u0131n \u00e7o\u011funun el ve kol b\u00f6lgelerinden yaraland\u0131\u011f\u0131 \u00f6\u011frenildi&#8230;.<\/p>\n","protected":false},"author":1,"featured_media":33488,"comment_status":"open","ping_status":"open","sticky":false,"template":"","format":"standard","meta":{"_crdt_document":"","footnotes":""},"categories":[5],"tags":[],"class_list":["post-33487","post","type-post","status-publish","format-standard","has-post-thumbnail","hentry","category-asayis"],"_links":{"self":[{"href":"https:\/\/www.egemtv.com\/index.php?rest_route=\/wp\/v2\/posts\/33487","targetHints":{"allow":["GET"]}}],"collection":[{"href":"https:\/\/www.egemtv.com\/index.php?rest_route=\/wp\/v2\/posts"}],"about":[{"href":"https:\/\/www.egemtv.com\/index.php?rest_route=\/wp\/v2\/types\/post"}],"author":[{"embeddable":true,"href":"https:\/\/www.egemtv.com\/index.php?rest_route=\/wp\/v2\/users\/1"}],"replies":[{"embeddable":true,"href":"https:\/\/www.egemtv.com\/index.php?rest_route=%2Fwp%2Fv2%2Fcomments&post=33487"}],"version-history":[{"count":1,"href":"https:\/\/www.egemtv.com\/index.php?rest_route=\/wp\/v2\/posts\/33487\/revisions"}],"predecessor-version":[{"id":33489,"href":"https:\/\/www.egemtv.com\/index.php?rest_route=\/wp\/v2\/posts\/33487\/revisions\/33489"}],"wp:featuredmedia":[{"embeddable":true,"href":"https:\/\/www.egemtv.com\/index.php?rest_route=\/wp\/v2\/media\/33488"}],"wp:attachment":[{"href":"https:\/\/www.egemtv.com\/index.php?rest_route=%2Fwp%2Fv2%2Fmedia&parent=33487"}],"wp:term":[{"taxonomy":"category","embeddable":true,"href":"https:\/\/www.egemtv.com\/index.php?rest_route=%2Fwp%2Fv2%2Fcategories&post=33487"},{"taxonomy":"post_tag","embeddable":true,"href":"https:\/\/www.egemtv.com\/index.php?rest_route=%2Fwp%2Fv2%2Ftags&post=33487"}],"curies":[{"name":"wp","href":"https:\/\/api.w.org\/{rel}","templated":true}]}}