{"id":33484,"date":"2025-06-06T12:56:21","date_gmt":"2025-06-06T09:56:21","guid":{"rendered":"https:\/\/www.egemtv.com\/?p=33484"},"modified":"2025-06-06T12:56:27","modified_gmt":"2025-06-06T09:56:27","slug":"bakan-guler-kurban-bayraminda-mehmetcikle-bir-araya-geldi","status":"publish","type":"post","link":"https:\/\/www.egemtv.com\/?p=33484","title":{"rendered":"Bakan G\u00fcler, Kurban Bayram\u0131\u2019nda Mehmet\u00e7ikle bir araya geldi"},"content":{"rendered":"<p>Milli Savunma Bakan\u0131 Ya\u015far G\u00fcler, Kurban Bayram\u0131\u2019n\u0131n ilk g\u00fcn\u00fcnde Hava Er E\u011fitim Tugay Komutanl\u0131\u011f\u0131\u2019nda g\u00f6rev yapan askerlerle bir araya geldi.<br \/>\n<br \/>Bayram namaz\u0131n\u0131 Zafer Camii\u2019nde Genelkurmay Ba\u015fkan\u0131 Orgeneral Metin G\u00fcrak, kuvvet komutanlar\u0131 ve Vali Musa I\u015f\u0131n ile birlikte eda eden Bakan G\u00fcler, namaz\u0131n ard\u0131ndan Mehmet\u00e7iklerle bayramla\u015ft\u0131. Programda birlik ve beraberlik mesajlar\u0131 verilirken, Mehmet\u00e7i\u011fin vatan sevgisi, azmi ve fedak\u00e2rl\u0131\u011f\u0131na vurgu yap\u0131ld\u0131. Namaz sonras\u0131 askerlerle tek tek bayramla\u015fan Bakan G\u00fcler ve Vali I\u015f\u0131n, Mehmet\u00e7iklerle sohbet ederek moral verdi. Vali Musa I\u015f\u0131n, g\u00f6sterdikleri ilgi ve nezaketten dolay\u0131 Bakan G\u00fcler ve beraberindeki komutanlara te\u015fekk\u00fcr etti.<\/p>\n<p>Bakan G\u00fcler\u2019den Vali I\u015f\u0131n\u2019a nezaket ziyareti<br \/>\n<br \/>Bakan G\u00fcler, Vali I\u015f\u0131n\u2019\u0131 da makam\u0131nda ziyaret etti. Valilik \u015eeref Defteri\u2019ni imzalayan Bakan G\u00fcler, daha sonra Vali I\u015f\u0131n ile bir g\u00f6r\u00fc\u015fme ger\u00e7ekle\u015ftirdi. Ziyarete Genelkurmay Ba\u015fkan\u0131 Orgeneral Metin G\u00fcrak, Kara Kuvvetleri Komutan\u0131 Orgeneral Sel\u00e7uk Bayraktaro\u011flu, Deniz Kuvvetleri Komutan\u0131 Oramiral Dr. Erc\u00fcment Tatl\u0131o\u011flu, Hava Kuvvetleri Komutan\u0131 Orgeneral Ziya Cemal Kad\u0131o\u011flu ile K\u00fctahya il protokol\u00fc de kat\u0131ld\u0131. G\u00f6r\u00fc\u015fmede K\u00fctahya\u2019n\u0131n genel durumu ve g\u00fcvenlik konular\u0131 ele al\u0131n\u0131rken, Vali Musa I\u015f\u0131n nazik ziyaretlerinden \u00f6t\u00fcr\u00fc Bakan G\u00fcler ve beraberindeki heyete te\u015fekk\u00fcr etti.<br \/><\/p>\n","protected":false},"excerpt":{"rendered":"<p>Milli Savunma Bakan\u0131 Ya\u015far G\u00fcler, Kurban Bayram\u0131\u2019n\u0131n ilk g\u00fcn\u00fcnde Hava Er E\u011fitim Tugay Komutanl\u0131\u011f\u0131\u2019nda g\u00f6rev yapan askerlerle bir araya geldi. Bayram namaz\u0131n\u0131 Zafer Camii\u2019nde Genelkurmay Ba\u015fkan\u0131 Orgeneral Metin G\u00fcrak, kuvvet komutanlar\u0131 ve Vali Musa I\u015f\u0131n ile birlikte eda eden Bakan G\u00fcler, namaz\u0131n ard\u0131ndan Mehmet\u00e7iklerle bayramla\u015ft\u0131. Programda birlik ve beraberlik mesajlar\u0131 verilirken, Mehmet\u00e7i\u011fin vatan sevgisi, azmi&#8230;<\/p>\n","protected":false},"author":1,"featured_media":33485,"comment_status":"open","ping_status":"open","sticky":false,"template":"","format":"standard","meta":{"_crdt_document":"","footnotes":""},"categories":[127],"tags":[],"class_list":["post-33484","post","type-post","status-publish","format-standard","has-post-thumbnail","hentry","category-siyaset"],"_links":{"self":[{"href":"https:\/\/www.egemtv.com\/index.php?rest_route=\/wp\/v2\/posts\/33484","targetHints":{"allow":["GET"]}}],"collection":[{"href":"https:\/\/www.egemtv.com\/index.php?rest_route=\/wp\/v2\/posts"}],"about":[{"href":"https:\/\/www.egemtv.com\/index.php?rest_route=\/wp\/v2\/types\/post"}],"author":[{"embeddable":true,"href":"https:\/\/www.egemtv.com\/index.php?rest_route=\/wp\/v2\/users\/1"}],"replies":[{"embeddable":true,"href":"https:\/\/www.egemtv.com\/index.php?rest_route=%2Fwp%2Fv2%2Fcomments&post=33484"}],"version-history":[{"count":1,"href":"https:\/\/www.egemtv.com\/index.php?rest_route=\/wp\/v2\/posts\/33484\/revisions"}],"predecessor-version":[{"id":33486,"href":"https:\/\/www.egemtv.com\/index.php?rest_route=\/wp\/v2\/posts\/33484\/revisions\/33486"}],"wp:featuredmedia":[{"embeddable":true,"href":"https:\/\/www.egemtv.com\/index.php?rest_route=\/wp\/v2\/media\/33485"}],"wp:attachment":[{"href":"https:\/\/www.egemtv.com\/index.php?rest_route=%2Fwp%2Fv2%2Fmedia&parent=33484"}],"wp:term":[{"taxonomy":"category","embeddable":true,"href":"https:\/\/www.egemtv.com\/index.php?rest_route=%2Fwp%2Fv2%2Fcategories&post=33484"},{"taxonomy":"post_tag","embeddable":true,"href":"https:\/\/www.egemtv.com\/index.php?rest_route=%2Fwp%2Fv2%2Ftags&post=33484"}],"curies":[{"name":"wp","href":"https:\/\/api.w.org\/{rel}","templated":true}]}}