{"id":33481,"date":"2025-06-06T12:36:17","date_gmt":"2025-06-06T09:36:17","guid":{"rendered":"https:\/\/www.egemtv.com\/?p=33481"},"modified":"2025-06-06T12:36:21","modified_gmt":"2025-06-06T09:36:21","slug":"burdurda-kurban-bayrami-namazi-eda-edildi","status":"publish","type":"post","link":"https:\/\/www.egemtv.com\/?p=33481","title":{"rendered":"Burdur\u2019da Kurban Bayram\u0131 namaz\u0131 eda edildi"},"content":{"rendered":"<p>Burdur\u2019da protokol ve vatanda\u015flar, Ulu Cami\u2019de bayram namaz\u0131 k\u0131ld\u0131. Bayramla\u015fman\u0131n ard\u0131ndan \u00e7orba ikram edildi.<br \/>\n<br \/>Burdur\u2019da protokol \u00fcyeleri ve vatanda\u015flar, bayram namaz\u0131 i\u00e7in Ulu Cami\u2019de bir araya geldi. Ulu Cami\u2019de k\u0131l\u0131nan namaz\u0131n ard\u0131ndan dualar edilip, toplu halde bayramla\u015fma t\u00f6reni yap\u0131ld\u0131. T\u00f6renin ard\u0131ndan konu\u015fan Burdur Valisi T\u00fclay Baydar Bilgihan, &#8220;Bir bayrama daha kavu\u015fman\u0131n mutlulu\u011fu i\u00e7erisinde mazlum co\u011frafyalarda ya\u015fanan zulm\u00fcn buruklu\u011funu hissediyoruz. \u00c7ok \u015f\u00fck\u00fcr ki hepimiz bu g\u00fczel co\u011frafyada \u00f6zg\u00fcrce, mutluluk i\u00e7erisinde ailelerimizle birlik beraberlik i\u00e7erisinde kurbanlar\u0131m\u0131z\u0131 kesmenin, hac farizas\u0131n\u0131 yerine getirmenin b\u00fcy\u00fck mutlulu\u011funu ya\u015f\u0131yoruz. Rabbim tekrar\u0131na kavu\u015ftursun diyorum. Bu vesileyle bayram\u0131n ilimize, \u00fclkemize, b\u00fct\u00fcn \u0130slam co\u011frafyas\u0131na ve t\u00fcm d\u00fcnyaya bar\u0131\u015f, huzur ve esenlik getirmesini diliyorum. Ailelere selam, sevgi ve muhabbetlerimizi iletiyorum. G\u00f6revi ba\u015f\u0131ndaki b\u00fct\u00fcn kamu personelimize g\u00f6revlerinden, hizmetlerinden dolay\u0131 \u00e7ok te\u015fekk\u00fcr ediyorum. Allah\u2019a emanet olun. \u0130yi bayramlar diliyorum&#8221; dedi.<br \/><\/p>\n","protected":false},"excerpt":{"rendered":"<p>Burdur\u2019da protokol ve vatanda\u015flar, Ulu Cami\u2019de bayram namaz\u0131 k\u0131ld\u0131. Bayramla\u015fman\u0131n ard\u0131ndan \u00e7orba ikram edildi. Burdur\u2019da protokol \u00fcyeleri ve vatanda\u015flar, bayram namaz\u0131 i\u00e7in Ulu Cami\u2019de bir araya geldi. Ulu Cami\u2019de k\u0131l\u0131nan namaz\u0131n ard\u0131ndan dualar edilip, toplu halde bayramla\u015fma t\u00f6reni yap\u0131ld\u0131. T\u00f6renin ard\u0131ndan konu\u015fan Burdur Valisi T\u00fclay Baydar Bilgihan, &#8220;Bir bayrama daha kavu\u015fman\u0131n mutlulu\u011fu i\u00e7erisinde mazlum co\u011frafyalarda&#8230;<\/p>\n","protected":false},"author":1,"featured_media":33482,"comment_status":"open","ping_status":"open","sticky":false,"template":"","format":"standard","meta":{"_crdt_document":"","footnotes":""},"categories":[1],"tags":[],"class_list":["post-33481","post","type-post","status-publish","format-standard","has-post-thumbnail","hentry","category-guncel"],"_links":{"self":[{"href":"https:\/\/www.egemtv.com\/index.php?rest_route=\/wp\/v2\/posts\/33481","targetHints":{"allow":["GET"]}}],"collection":[{"href":"https:\/\/www.egemtv.com\/index.php?rest_route=\/wp\/v2\/posts"}],"about":[{"href":"https:\/\/www.egemtv.com\/index.php?rest_route=\/wp\/v2\/types\/post"}],"author":[{"embeddable":true,"href":"https:\/\/www.egemtv.com\/index.php?rest_route=\/wp\/v2\/users\/1"}],"replies":[{"embeddable":true,"href":"https:\/\/www.egemtv.com\/index.php?rest_route=%2Fwp%2Fv2%2Fcomments&post=33481"}],"version-history":[{"count":1,"href":"https:\/\/www.egemtv.com\/index.php?rest_route=\/wp\/v2\/posts\/33481\/revisions"}],"predecessor-version":[{"id":33483,"href":"https:\/\/www.egemtv.com\/index.php?rest_route=\/wp\/v2\/posts\/33481\/revisions\/33483"}],"wp:featuredmedia":[{"embeddable":true,"href":"https:\/\/www.egemtv.com\/index.php?rest_route=\/wp\/v2\/media\/33482"}],"wp:attachment":[{"href":"https:\/\/www.egemtv.com\/index.php?rest_route=%2Fwp%2Fv2%2Fmedia&parent=33481"}],"wp:term":[{"taxonomy":"category","embeddable":true,"href":"https:\/\/www.egemtv.com\/index.php?rest_route=%2Fwp%2Fv2%2Fcategories&post=33481"},{"taxonomy":"post_tag","embeddable":true,"href":"https:\/\/www.egemtv.com\/index.php?rest_route=%2Fwp%2Fv2%2Ftags&post=33481"}],"curies":[{"name":"wp","href":"https:\/\/api.w.org\/{rel}","templated":true}]}}