{"id":33478,"date":"2025-06-06T11:57:22","date_gmt":"2025-06-06T08:57:22","guid":{"rendered":"https:\/\/www.egemtv.com\/?p=33478"},"modified":"2025-06-06T11:57:23","modified_gmt":"2025-06-06T08:57:23","slug":"didim-aciklarinda-15-duzensiz-gocmen-kurtarildi","status":"publish","type":"post","link":"https:\/\/www.egemtv.com\/?p=33478","title":{"rendered":"Didim a\u00e7\u0131klar\u0131nda 15 d\u00fczensiz g\u00f6\u00e7men kurtar\u0131ld\u0131"},"content":{"rendered":"<p>Ayd\u0131n\u2019\u0131n Didim il\u00e7esi a\u00e7\u0131klar\u0131nda 2\u2019si \u00e7ocuk 15 d\u00fczensiz g\u00f6\u00e7men kurtar\u0131ld\u0131.<br \/>\n<br \/>Ayd\u0131n\u2019\u0131n Didim ve Ku\u015fadas\u0131 a\u00e7\u0131klar\u0131ndan lastik bot veya can sallar\u0131 ile Yunanistan\u2019a ge\u00e7meye \u00e7al\u0131\u015fan d\u00fczensiz g\u00f6\u00e7menlere y\u00f6nelik \u00e7al\u0131\u015fmalar aral\u0131ks\u0131z devam ediyor. Edinilen bilgiye g\u00f6re Sahil G\u00fcvenlik ekipleri, Didim a\u00e7\u0131klar\u0131nda lastik bot i\u00e7erisinde bir grup d\u00fczensiz g\u00f6\u00e7men oldu\u011fu bilgisine ula\u015ft\u0131. Bunun \u00fczerine b\u00f6lgeye Sahil G\u00fcvenlik Botu sevk edildi. K\u0131sa s\u00fcrede b\u00f6lgeye varan ekipler, Yunanistan unsurlar\u0131nca T\u00fcrk Karasular\u0131na geri itilen fiber karinal\u0131 lastik bot i\u00e7erisindeki 2\u2019si \u00e7ocuk 15 d\u00fczensiz g\u00f6\u00e7meni kurtard\u0131. Gerekli i\u015flemlerinin ard\u0131ndan kurtar\u0131lan g\u00f6\u00e7menler, D\u00fczensiz G\u00f6\u00e7men \u00d6n Kabul ve Sevk Merkezi\u2019ne (G\u00d6KSEM) g\u00f6nderildi.<br \/><\/p>\n","protected":false},"excerpt":{"rendered":"<p>Ayd\u0131n\u2019\u0131n Didim il\u00e7esi a\u00e7\u0131klar\u0131nda 2\u2019si \u00e7ocuk 15 d\u00fczensiz g\u00f6\u00e7men kurtar\u0131ld\u0131. Ayd\u0131n\u2019\u0131n Didim ve Ku\u015fadas\u0131 a\u00e7\u0131klar\u0131ndan lastik bot veya can sallar\u0131 ile Yunanistan\u2019a ge\u00e7meye \u00e7al\u0131\u015fan d\u00fczensiz g\u00f6\u00e7menlere y\u00f6nelik \u00e7al\u0131\u015fmalar aral\u0131ks\u0131z devam ediyor. Edinilen bilgiye g\u00f6re Sahil G\u00fcvenlik ekipleri, Didim a\u00e7\u0131klar\u0131nda lastik bot i\u00e7erisinde bir grup d\u00fczensiz g\u00f6\u00e7men oldu\u011fu bilgisine ula\u015ft\u0131. Bunun \u00fczerine b\u00f6lgeye Sahil G\u00fcvenlik Botu&#8230;<\/p>\n","protected":false},"author":1,"featured_media":33479,"comment_status":"open","ping_status":"open","sticky":false,"template":"","format":"standard","meta":{"_crdt_document":"","footnotes":""},"categories":[5],"tags":[],"class_list":["post-33478","post","type-post","status-publish","format-standard","has-post-thumbnail","hentry","category-asayis"],"_links":{"self":[{"href":"https:\/\/www.egemtv.com\/index.php?rest_route=\/wp\/v2\/posts\/33478","targetHints":{"allow":["GET"]}}],"collection":[{"href":"https:\/\/www.egemtv.com\/index.php?rest_route=\/wp\/v2\/posts"}],"about":[{"href":"https:\/\/www.egemtv.com\/index.php?rest_route=\/wp\/v2\/types\/post"}],"author":[{"embeddable":true,"href":"https:\/\/www.egemtv.com\/index.php?rest_route=\/wp\/v2\/users\/1"}],"replies":[{"embeddable":true,"href":"https:\/\/www.egemtv.com\/index.php?rest_route=%2Fwp%2Fv2%2Fcomments&post=33478"}],"version-history":[{"count":1,"href":"https:\/\/www.egemtv.com\/index.php?rest_route=\/wp\/v2\/posts\/33478\/revisions"}],"predecessor-version":[{"id":33480,"href":"https:\/\/www.egemtv.com\/index.php?rest_route=\/wp\/v2\/posts\/33478\/revisions\/33480"}],"wp:featuredmedia":[{"embeddable":true,"href":"https:\/\/www.egemtv.com\/index.php?rest_route=\/wp\/v2\/media\/33479"}],"wp:attachment":[{"href":"https:\/\/www.egemtv.com\/index.php?rest_route=%2Fwp%2Fv2%2Fmedia&parent=33478"}],"wp:term":[{"taxonomy":"category","embeddable":true,"href":"https:\/\/www.egemtv.com\/index.php?rest_route=%2Fwp%2Fv2%2Fcategories&post=33478"},{"taxonomy":"post_tag","embeddable":true,"href":"https:\/\/www.egemtv.com\/index.php?rest_route=%2Fwp%2Fv2%2Ftags&post=33478"}],"curies":[{"name":"wp","href":"https:\/\/api.w.org\/{rel}","templated":true}]}}